{"id":1249,"date":"2021-05-29T19:33:25","date_gmt":"2021-05-29T19:33:25","guid":{"rendered":"https:\/\/laines-aux-bois.fr\/?p=1249"},"modified":"2021-06-24T16:46:01","modified_gmt":"2021-06-24T16:46:01","slug":"autour-du-livre","status":"publish","type":"post","link":"https:\/\/laines-aux-bois.fr\/?p=1249","title":{"rendered":"Partir en livre"},"content":{"rendered":"\n[et_pb_section fb_built=\u00a0\u00bb1&Prime; _builder_version=\u00a0\u00bb4.9.4&Prime; _module_preset=\u00a0\u00bbdefault\u00a0\u00bb][\/et_pb_section]\n","protected":false},"excerpt":{"rendered":"<p>Ev\u00e8nement le 26 juin, organis\u00e9 par \u00ab\u00a0les amis de la biblioth\u00e8que\u00a0\u00bb<\/p>\n","protected":false},"author":1,"featured_media":1231,"comment_status":"closed","ping_status":"closed","sticky":false,"template":"","format":"standard","meta":{"_et_pb_use_builder":"on","_et_pb_old_content":"<!-- wp:paragraph -->\n<p>Ev\u00e8nement le 26 juin \u00e0 partir de 9h jusqu'\u00e0 13h, les \"amis de la biblioth\u00e8que\" vous propose des animations pour faire aimer les livres \u00e0 nos enfants.<\/p>\n<!-- \/wp:paragraph -->\n\n<!-- wp:paragraph -->\n<p>Venez nombreux !<\/p>\n<!-- \/wp:paragraph -->\n\n<!-- wp:paragraph -->\n<p>Inscription obligatoire.<\/p>\n<!-- \/wp:paragraph -->\n\n<!-- wp:paragraph -->\n<p><\/p>\n<!-- \/wp:paragraph -->","_et_gb_content_width":"1080","cybocfi_hide_featured_image":"","spay_email":"","footnotes":""},"categories":[4],"tags":[14,5,8,6,15],"class_list":["post-1249","post","type-post","status-publish","format-standard","has-post-thumbnail","hentry","category-evenements","tag-bibliotheque-leandre-nicolas","tag-laines-aux-bois","tag-laines-aux-bois-2","tag-mairie-de-laines-aux-bois","tag-partir-en-livre"],"yoast_head":"<!-- This site is optimized with the Yoast SEO plugin v23.4 - https:\/\/yoast.com\/wordpress\/plugins\/seo\/ -->\n<title>Laines-aux-Bois - Partir en livre \u00e0 la biblioth\u00e8que L\u00e9andre Nicolas<\/title>\n<meta name=\"description\" content=\"Laines-aux-Bois - Partir en livre - F\u00eate nationale du livre jeunesse par le Minist\u00e8re de la Culture \u00e0 la biblioth\u00e8que L\u00e9andre Nicolas\" \/>\n<meta name=\"robots\" content=\"index, follow, max-snippet:-1, max-image-preview:large, max-video-preview:-1\" \/>\n<link rel=\"canonical\" href=\"https:\/\/laines-aux-bois.fr\/?p=1249\" \/>\n<meta property=\"og:locale\" content=\"fr_FR\" \/>\n<meta property=\"og:type\" content=\"article\" \/>\n<meta property=\"og:title\" content=\"Laines-aux-Bois - Partir en livre \u00e0 la biblioth\u00e8que L\u00e9andre Nicolas\" \/>\n<meta property=\"og:description\" content=\"Laines-aux-Bois - Partir en livre - F\u00eate nationale du livre jeunesse par le Minist\u00e8re de la Culture \u00e0 la biblioth\u00e8que L\u00e9andre Nicolas\" \/>\n<meta property=\"og:url\" content=\"https:\/\/laines-aux-bois.fr\/?p=1249\" \/>\n<meta property=\"og:site_name\" content=\"Laines-aux-Bois\" \/>\n<meta property=\"article:publisher\" content=\"https:\/\/www.facebook.com\/Mairie-de-Laines-aux-Bois-113150383645438\" \/>\n<meta property=\"article:published_time\" content=\"2021-05-29T19:33:25+00:00\" \/>\n<meta property=\"article:modified_time\" content=\"2021-06-24T16:46:01+00:00\" \/>\n<meta property=\"og:image\" content=\"https:\/\/laines-aux-bois.fr\/wp-content\/uploads\/2021\/05\/affiche-partir-en-livre-2-page-001-scaled.jpg\" \/>\n\t<meta property=\"og:image:width\" content=\"2560\" \/>\n\t<meta property=\"og:image:height\" content=\"1810\" \/>\n\t<meta property=\"og:image:type\" content=\"image\/jpeg\" \/>\n<meta name=\"author\" content=\"webmasterlab\" \/>\n<meta name=\"twitter:card\" content=\"summary_large_image\" \/>\n<meta name=\"twitter:label1\" content=\"\u00c9crit par\" \/>\n\t<meta name=\"twitter:data1\" content=\"webmasterlab\" \/>\n\t<meta name=\"twitter:label2\" content=\"Dur\u00e9e de lecture estim\u00e9e\" \/>\n\t<meta name=\"twitter:data2\" content=\"1 minute\" \/>\n<script type=\"application\/ld+json\" class=\"yoast-schema-graph\">{\"@context\":\"https:\/\/schema.org\",\"@graph\":[{\"@type\":\"Article\",\"@id\":\"https:\/\/laines-aux-bois.fr\/?p=1249#article\",\"isPartOf\":{\"@id\":\"https:\/\/laines-aux-bois.fr\/?p=1249\"},\"author\":{\"name\":\"webmasterlab\",\"@id\":\"https:\/\/laines-aux-bois.fr\/#\/schema\/person\/681d28f804c157ef18f0cc71a1cbdff2\"},\"headline\":\"Partir en livre\",\"datePublished\":\"2021-05-29T19:33:25+00:00\",\"dateModified\":\"2021-06-24T16:46:01+00:00\",\"mainEntityOfPage\":{\"@id\":\"https:\/\/laines-aux-bois.fr\/?p=1249\"},\"wordCount\":16,\"publisher\":{\"@id\":\"https:\/\/laines-aux-bois.fr\/#organization\"},\"image\":{\"@id\":\"https:\/\/laines-aux-bois.fr\/?p=1249#primaryimage\"},\"thumbnailUrl\":\"https:\/\/laines-aux-bois.fr\/wp-content\/uploads\/2021\/05\/affiche-partir-en-livre-2-page-001-scaled.jpg\",\"keywords\":[\"biblioth\u00e8que L\u00e9andre Nicolas\",\"Laines aux Bois\",\"laines-aux-bois\",\"Mairie de Laines aux Bois\",\"partir en livre\"],\"articleSection\":[\"Ev\u00e8nements\"],\"inLanguage\":\"fr-FR\"},{\"@type\":\"WebPage\",\"@id\":\"https:\/\/laines-aux-bois.fr\/?p=1249\",\"url\":\"https:\/\/laines-aux-bois.fr\/?p=1249\",\"name\":\"Laines-aux-Bois - Partir en livre \u00e0 la biblioth\u00e8que L\u00e9andre Nicolas\",\"isPartOf\":{\"@id\":\"https:\/\/laines-aux-bois.fr\/#website\"},\"primaryImageOfPage\":{\"@id\":\"https:\/\/laines-aux-bois.fr\/?p=1249#primaryimage\"},\"image\":{\"@id\":\"https:\/\/laines-aux-bois.fr\/?p=1249#primaryimage\"},\"thumbnailUrl\":\"https:\/\/laines-aux-bois.fr\/wp-content\/uploads\/2021\/05\/affiche-partir-en-livre-2-page-001-scaled.jpg\",\"datePublished\":\"2021-05-29T19:33:25+00:00\",\"dateModified\":\"2021-06-24T16:46:01+00:00\",\"description\":\"Laines-aux-Bois - Partir en livre - F\u00eate nationale du livre jeunesse par le Minist\u00e8re de la Culture \u00e0 la biblioth\u00e8que L\u00e9andre Nicolas\",\"breadcrumb\":{\"@id\":\"https:\/\/laines-aux-bois.fr\/?p=1249#breadcrumb\"},\"inLanguage\":\"fr-FR\",\"potentialAction\":[{\"@type\":\"ReadAction\",\"target\":[\"https:\/\/laines-aux-bois.fr\/?p=1249\"]}]},{\"@type\":\"ImageObject\",\"inLanguage\":\"fr-FR\",\"@id\":\"https:\/\/laines-aux-bois.fr\/?p=1249#primaryimage\",\"url\":\"https:\/\/laines-aux-bois.fr\/wp-content\/uploads\/2021\/05\/affiche-partir-en-livre-2-page-001-scaled.jpg\",\"contentUrl\":\"https:\/\/laines-aux-bois.fr\/wp-content\/uploads\/2021\/05\/affiche-partir-en-livre-2-page-001-scaled.jpg\",\"width\":2560,\"height\":1810},{\"@type\":\"BreadcrumbList\",\"@id\":\"https:\/\/laines-aux-bois.fr\/?p=1249#breadcrumb\",\"itemListElement\":[{\"@type\":\"ListItem\",\"position\":1,\"name\":\"Accueil\",\"item\":\"https:\/\/laines-aux-bois.fr\/\"},{\"@type\":\"ListItem\",\"position\":2,\"name\":\"Partir en livre\"}]},{\"@type\":\"WebSite\",\"@id\":\"https:\/\/laines-aux-bois.fr\/#website\",\"url\":\"https:\/\/laines-aux-bois.fr\/\",\"name\":\"Laines-aux-Bois\",\"description\":\"Site officiel de la commune\",\"publisher\":{\"@id\":\"https:\/\/laines-aux-bois.fr\/#organization\"},\"potentialAction\":[{\"@type\":\"SearchAction\",\"target\":{\"@type\":\"EntryPoint\",\"urlTemplate\":\"https:\/\/laines-aux-bois.fr\/?s={search_term_string}\"},\"query-input\":{\"@type\":\"PropertyValueSpecification\",\"valueRequired\":true,\"valueName\":\"search_term_string\"}}],\"inLanguage\":\"fr-FR\"},{\"@type\":\"Organization\",\"@id\":\"https:\/\/laines-aux-bois.fr\/#organization\",\"name\":\"Mairie de Laines-aux-Bois\",\"url\":\"https:\/\/laines-aux-bois.fr\/\",\"logo\":{\"@type\":\"ImageObject\",\"inLanguage\":\"fr-FR\",\"@id\":\"https:\/\/laines-aux-bois.fr\/#\/schema\/logo\/image\/\",\"url\":\"https:\/\/laines-aux-bois.fr\/wp-content\/uploads\/2021\/03\/Logo_Laines-aux-Bois-scaled-e1619425296534.jpg\",\"contentUrl\":\"https:\/\/laines-aux-bois.fr\/wp-content\/uploads\/2021\/03\/Logo_Laines-aux-Bois-scaled-e1619425296534.jpg\",\"width\":710,\"height\":512,\"caption\":\"Mairie de Laines-aux-Bois\"},\"image\":{\"@id\":\"https:\/\/laines-aux-bois.fr\/#\/schema\/logo\/image\/\"},\"sameAs\":[\"https:\/\/www.facebook.com\/Mairie-de-Laines-aux-Bois-113150383645438\"]},{\"@type\":\"Person\",\"@id\":\"https:\/\/laines-aux-bois.fr\/#\/schema\/person\/681d28f804c157ef18f0cc71a1cbdff2\",\"name\":\"webmasterlab\",\"image\":{\"@type\":\"ImageObject\",\"inLanguage\":\"fr-FR\",\"@id\":\"https:\/\/laines-aux-bois.fr\/#\/schema\/person\/image\/\",\"url\":\"https:\/\/secure.gravatar.com\/avatar\/1387a4cce899956dcf92c17973b5c962?s=96&d=mm&r=g\",\"contentUrl\":\"https:\/\/secure.gravatar.com\/avatar\/1387a4cce899956dcf92c17973b5c962?s=96&d=mm&r=g\",\"caption\":\"webmasterlab\"},\"sameAs\":[\"http:\/\/laines-aux-bois.fr\"]}]}<\/script>\n<!-- \/ Yoast SEO plugin. -->","yoast_head_json":{"title":"Laines-aux-Bois - Partir en livre \u00e0 la biblioth\u00e8que L\u00e9andre Nicolas","description":"Laines-aux-Bois - Partir en livre - F\u00eate nationale du livre jeunesse par le Minist\u00e8re de la Culture \u00e0 la biblioth\u00e8que L\u00e9andre Nicolas","robots":{"index":"index","follow":"follow","max-snippet":"max-snippet:-1","max-image-preview":"max-image-preview:large","max-video-preview":"max-video-preview:-1"},"canonical":"https:\/\/laines-aux-bois.fr\/?p=1249","og_locale":"fr_FR","og_type":"article","og_title":"Laines-aux-Bois - Partir en livre \u00e0 la biblioth\u00e8que L\u00e9andre Nicolas","og_description":"Laines-aux-Bois - Partir en livre - F\u00eate nationale du livre jeunesse par le Minist\u00e8re de la Culture \u00e0 la biblioth\u00e8que L\u00e9andre Nicolas","og_url":"https:\/\/laines-aux-bois.fr\/?p=1249","og_site_name":"Laines-aux-Bois","article_publisher":"https:\/\/www.facebook.com\/Mairie-de-Laines-aux-Bois-113150383645438","article_published_time":"2021-05-29T19:33:25+00:00","article_modified_time":"2021-06-24T16:46:01+00:00","og_image":[{"width":2560,"height":1810,"url":"https:\/\/laines-aux-bois.fr\/wp-content\/uploads\/2021\/05\/affiche-partir-en-livre-2-page-001-scaled.jpg","type":"image\/jpeg"}],"author":"webmasterlab","twitter_card":"summary_large_image","twitter_misc":{"\u00c9crit par":"webmasterlab","Dur\u00e9e de lecture estim\u00e9e":"1 minute"},"schema":{"@context":"https:\/\/schema.org","@graph":[{"@type":"Article","@id":"https:\/\/laines-aux-bois.fr\/?p=1249#article","isPartOf":{"@id":"https:\/\/laines-aux-bois.fr\/?p=1249"},"author":{"name":"webmasterlab","@id":"https:\/\/laines-aux-bois.fr\/#\/schema\/person\/681d28f804c157ef18f0cc71a1cbdff2"},"headline":"Partir en livre","datePublished":"2021-05-29T19:33:25+00:00","dateModified":"2021-06-24T16:46:01+00:00","mainEntityOfPage":{"@id":"https:\/\/laines-aux-bois.fr\/?p=1249"},"wordCount":16,"publisher":{"@id":"https:\/\/laines-aux-bois.fr\/#organization"},"image":{"@id":"https:\/\/laines-aux-bois.fr\/?p=1249#primaryimage"},"thumbnailUrl":"https:\/\/laines-aux-bois.fr\/wp-content\/uploads\/2021\/05\/affiche-partir-en-livre-2-page-001-scaled.jpg","keywords":["biblioth\u00e8que L\u00e9andre Nicolas","Laines aux Bois","laines-aux-bois","Mairie de Laines aux Bois","partir en livre"],"articleSection":["Ev\u00e8nements"],"inLanguage":"fr-FR"},{"@type":"WebPage","@id":"https:\/\/laines-aux-bois.fr\/?p=1249","url":"https:\/\/laines-aux-bois.fr\/?p=1249","name":"Laines-aux-Bois - Partir en livre \u00e0 la biblioth\u00e8que L\u00e9andre Nicolas","isPartOf":{"@id":"https:\/\/laines-aux-bois.fr\/#website"},"primaryImageOfPage":{"@id":"https:\/\/laines-aux-bois.fr\/?p=1249#primaryimage"},"image":{"@id":"https:\/\/laines-aux-bois.fr\/?p=1249#primaryimage"},"thumbnailUrl":"https:\/\/laines-aux-bois.fr\/wp-content\/uploads\/2021\/05\/affiche-partir-en-livre-2-page-001-scaled.jpg","datePublished":"2021-05-29T19:33:25+00:00","dateModified":"2021-06-24T16:46:01+00:00","description":"Laines-aux-Bois - Partir en livre - F\u00eate nationale du livre jeunesse par le Minist\u00e8re de la Culture \u00e0 la biblioth\u00e8que L\u00e9andre Nicolas","breadcrumb":{"@id":"https:\/\/laines-aux-bois.fr\/?p=1249#breadcrumb"},"inLanguage":"fr-FR","potentialAction":[{"@type":"ReadAction","target":["https:\/\/laines-aux-bois.fr\/?p=1249"]}]},{"@type":"ImageObject","inLanguage":"fr-FR","@id":"https:\/\/laines-aux-bois.fr\/?p=1249#primaryimage","url":"https:\/\/laines-aux-bois.fr\/wp-content\/uploads\/2021\/05\/affiche-partir-en-livre-2-page-001-scaled.jpg","contentUrl":"https:\/\/laines-aux-bois.fr\/wp-content\/uploads\/2021\/05\/affiche-partir-en-livre-2-page-001-scaled.jpg","width":2560,"height":1810},{"@type":"BreadcrumbList","@id":"https:\/\/laines-aux-bois.fr\/?p=1249#breadcrumb","itemListElement":[{"@type":"ListItem","position":1,"name":"Accueil","item":"https:\/\/laines-aux-bois.fr\/"},{"@type":"ListItem","position":2,"name":"Partir en livre"}]},{"@type":"WebSite","@id":"https:\/\/laines-aux-bois.fr\/#website","url":"https:\/\/laines-aux-bois.fr\/","name":"Laines-aux-Bois","description":"Site officiel de la commune","publisher":{"@id":"https:\/\/laines-aux-bois.fr\/#organization"},"potentialAction":[{"@type":"SearchAction","target":{"@type":"EntryPoint","urlTemplate":"https:\/\/laines-aux-bois.fr\/?s={search_term_string}"},"query-input":{"@type":"PropertyValueSpecification","valueRequired":true,"valueName":"search_term_string"}}],"inLanguage":"fr-FR"},{"@type":"Organization","@id":"https:\/\/laines-aux-bois.fr\/#organization","name":"Mairie de Laines-aux-Bois","url":"https:\/\/laines-aux-bois.fr\/","logo":{"@type":"ImageObject","inLanguage":"fr-FR","@id":"https:\/\/laines-aux-bois.fr\/#\/schema\/logo\/image\/","url":"https:\/\/laines-aux-bois.fr\/wp-content\/uploads\/2021\/03\/Logo_Laines-aux-Bois-scaled-e1619425296534.jpg","contentUrl":"https:\/\/laines-aux-bois.fr\/wp-content\/uploads\/2021\/03\/Logo_Laines-aux-Bois-scaled-e1619425296534.jpg","width":710,"height":512,"caption":"Mairie de Laines-aux-Bois"},"image":{"@id":"https:\/\/laines-aux-bois.fr\/#\/schema\/logo\/image\/"},"sameAs":["https:\/\/www.facebook.com\/Mairie-de-Laines-aux-Bois-113150383645438"]},{"@type":"Person","@id":"https:\/\/laines-aux-bois.fr\/#\/schema\/person\/681d28f804c157ef18f0cc71a1cbdff2","name":"webmasterlab","image":{"@type":"ImageObject","inLanguage":"fr-FR","@id":"https:\/\/laines-aux-bois.fr\/#\/schema\/person\/image\/","url":"https:\/\/secure.gravatar.com\/avatar\/1387a4cce899956dcf92c17973b5c962?s=96&d=mm&r=g","contentUrl":"https:\/\/secure.gravatar.com\/avatar\/1387a4cce899956dcf92c17973b5c962?s=96&d=mm&r=g","caption":"webmasterlab"},"sameAs":["http:\/\/laines-aux-bois.fr"]}]}},"jetpack_featured_media_url":"https:\/\/laines-aux-bois.fr\/wp-content\/uploads\/2021\/05\/affiche-partir-en-livre-2-page-001-scaled.jpg","_links":{"self":[{"href":"https:\/\/laines-aux-bois.fr\/index.php?rest_route=\/wp\/v2\/posts\/1249"}],"collection":[{"href":"https:\/\/laines-aux-bois.fr\/index.php?rest_route=\/wp\/v2\/posts"}],"about":[{"href":"https:\/\/laines-aux-bois.fr\/index.php?rest_route=\/wp\/v2\/types\/post"}],"author":[{"embeddable":true,"href":"https:\/\/laines-aux-bois.fr\/index.php?rest_route=\/wp\/v2\/users\/1"}],"replies":[{"embeddable":true,"href":"https:\/\/laines-aux-bois.fr\/index.php?rest_route=%2Fwp%2Fv2%2Fcomments&post=1249"}],"version-history":[{"count":8,"href":"https:\/\/laines-aux-bois.fr\/index.php?rest_route=\/wp\/v2\/posts\/1249\/revisions"}],"predecessor-version":[{"id":1537,"href":"https:\/\/laines-aux-bois.fr\/index.php?rest_route=\/wp\/v2\/posts\/1249\/revisions\/1537"}],"wp:featuredmedia":[{"embeddable":true,"href":"https:\/\/laines-aux-bois.fr\/index.php?rest_route=\/wp\/v2\/media\/1231"}],"wp:attachment":[{"href":"https:\/\/laines-aux-bois.fr\/index.php?rest_route=%2Fwp%2Fv2%2Fmedia&parent=1249"}],"wp:term":[{"taxonomy":"category","embeddable":true,"href":"https:\/\/laines-aux-bois.fr\/index.php?rest_route=%2Fwp%2Fv2%2Fcategories&post=1249"},{"taxonomy":"post_tag","embeddable":true,"href":"https:\/\/laines-aux-bois.fr\/index.php?rest_route=%2Fwp%2Fv2%2Ftags&post=1249"}],"curies":[{"name":"wp","href":"https:\/\/api.w.org\/{rel}","templated":true}]}}