{"id":1461,"date":"2021-06-04T09:51:06","date_gmt":"2021-06-04T09:51:06","guid":{"rendered":"https:\/\/laines-aux-bois.fr\/?p=1461"},"modified":"2021-07-01T19:26:03","modified_gmt":"2021-07-01T19:26:03","slug":"fete-de-la-musique","status":"publish","type":"post","link":"https:\/\/laines-aux-bois.fr\/?p=1461","title":{"rendered":"F\u00eate de la musique"},"content":{"rendered":"\n<p>Venez f\u00eater la f\u00eate de la musique avec nous, dans le respect des recommandations gouvernementales<\/p>\n\n\n\n<p>Le Samedi 19 juin 2021 \u00e0 la salle pluriactivit\u00e9s de Laines-aux-Bois (rue L\u00e9andre Nicolas)<\/p>\n\n\n\n<p>A partir de 19h et jusqu&rsquo;\u00e0 22h30<\/p>\n\n\n\n<p>Le groupe de M. DUVAL assurera l&rsquo;animation<\/p>\n","protected":false},"excerpt":{"rendered":"<p>Venez f\u00eater la f\u00eate de la musique avec nous, dans le respect des recommandations gouvernementales Le Samedi 19 juin 2021 \u00e0 la salle pluriactivit\u00e9s de Laines-aux-Bois (rue L\u00e9andre Nicolas) A partir de 19h et jusqu&rsquo;\u00e0 22h30 Le groupe de M. DUVAL assurera l&rsquo;animation<\/p>\n","protected":false},"author":1,"featured_media":1462,"comment_status":"closed","ping_status":"closed","sticky":false,"template":"","format":"standard","meta":{"_et_pb_use_builder":"off","_et_pb_old_content":"","_et_gb_content_width":"1080","cybocfi_hide_featured_image":"","spay_email":"","footnotes":""},"categories":[1],"tags":[10,9,5,8,6],"class_list":["post-1461","post","type-post","status-publish","format-standard","has-post-thumbnail","hentry","category-actualites","tag-fete-de-la-musique-a-laines-aux-bois-2","tag-fete-de-la-musique-a-laines-aux-bois","tag-laines-aux-bois","tag-laines-aux-bois-2","tag-mairie-de-laines-aux-bois"],"yoast_head":"<!-- This site is optimized with the Yoast SEO plugin v23.4 - https:\/\/yoast.com\/wordpress\/plugins\/seo\/ -->\n<title>Laines-aux-Bois - F\u00eate de la musique \u00e0 la salle pluriactivit\u00e9s<\/title>\n<meta name=\"description\" content=\"F\u00eate de la musique \u00e0 la salle pluriactivit\u00e9s de Laines-aux-Bois le 19 juin \u00e0 partir de 19 heures et jusqu&#039;\u00e0 22h30\" \/>\n<meta name=\"robots\" content=\"index, follow, max-snippet:-1, max-image-preview:large, max-video-preview:-1\" \/>\n<link rel=\"canonical\" href=\"https:\/\/laines-aux-bois.fr\/?p=1461\" \/>\n<meta property=\"og:locale\" content=\"fr_FR\" \/>\n<meta property=\"og:type\" content=\"article\" \/>\n<meta property=\"og:title\" content=\"Laines-aux-Bois - F\u00eate de la musique \u00e0 la salle pluriactivit\u00e9s\" \/>\n<meta property=\"og:description\" content=\"F\u00eate de la musique \u00e0 la salle pluriactivit\u00e9s de Laines-aux-Bois le 19 juin \u00e0 partir de 19 heures et jusqu&#039;\u00e0 22h30\" \/>\n<meta property=\"og:url\" content=\"https:\/\/laines-aux-bois.fr\/?p=1461\" \/>\n<meta property=\"og:site_name\" content=\"Laines-aux-Bois\" \/>\n<meta property=\"article:publisher\" content=\"https:\/\/www.facebook.com\/Mairie-de-Laines-aux-Bois-113150383645438\" \/>\n<meta property=\"article:published_time\" content=\"2021-06-04T09:51:06+00:00\" \/>\n<meta property=\"article:modified_time\" content=\"2021-07-01T19:26:03+00:00\" \/>\n<meta property=\"og:image\" content=\"https:\/\/laines-aux-bois.fr\/wp-content\/uploads\/2021\/06\/fete-de-la-musique-pauillac-2021-06-21.jpg\" \/>\n\t<meta property=\"og:image:width\" content=\"772\" \/>\n\t<meta property=\"og:image:height\" content=\"551\" \/>\n\t<meta property=\"og:image:type\" content=\"image\/jpeg\" \/>\n<meta name=\"author\" content=\"webmasterlab\" \/>\n<meta name=\"twitter:card\" content=\"summary_large_image\" \/>\n<meta name=\"twitter:label1\" content=\"\u00c9crit par\" \/>\n\t<meta name=\"twitter:data1\" content=\"webmasterlab\" \/>\n\t<meta name=\"twitter:label2\" content=\"Dur\u00e9e de lecture estim\u00e9e\" \/>\n\t<meta name=\"twitter:data2\" content=\"1 minute\" \/>\n<script type=\"application\/ld+json\" class=\"yoast-schema-graph\">{\"@context\":\"https:\/\/schema.org\",\"@graph\":[{\"@type\":\"Article\",\"@id\":\"https:\/\/laines-aux-bois.fr\/?p=1461#article\",\"isPartOf\":{\"@id\":\"https:\/\/laines-aux-bois.fr\/?p=1461\"},\"author\":{\"name\":\"webmasterlab\",\"@id\":\"https:\/\/laines-aux-bois.fr\/#\/schema\/person\/681d28f804c157ef18f0cc71a1cbdff2\"},\"headline\":\"F\u00eate de la musique\",\"datePublished\":\"2021-06-04T09:51:06+00:00\",\"dateModified\":\"2021-07-01T19:26:03+00:00\",\"mainEntityOfPage\":{\"@id\":\"https:\/\/laines-aux-bois.fr\/?p=1461\"},\"wordCount\":50,\"publisher\":{\"@id\":\"https:\/\/laines-aux-bois.fr\/#organization\"},\"image\":{\"@id\":\"https:\/\/laines-aux-bois.fr\/?p=1461#primaryimage\"},\"thumbnailUrl\":\"https:\/\/laines-aux-bois.fr\/wp-content\/uploads\/2021\/06\/fete-de-la-musique-pauillac-2021-06-21.jpg\",\"keywords\":[\"F\u00eate de la musique \u00e0 Laines aux Bois\",\"F\u00eate de la musique \u00e0 Laines-aux-Bois\",\"Laines aux Bois\",\"laines-aux-bois\",\"Mairie de Laines aux Bois\"],\"articleSection\":[\"Actualit\u00e9s\"],\"inLanguage\":\"fr-FR\"},{\"@type\":\"WebPage\",\"@id\":\"https:\/\/laines-aux-bois.fr\/?p=1461\",\"url\":\"https:\/\/laines-aux-bois.fr\/?p=1461\",\"name\":\"Laines-aux-Bois - F\u00eate de la musique \u00e0 la salle pluriactivit\u00e9s\",\"isPartOf\":{\"@id\":\"https:\/\/laines-aux-bois.fr\/#website\"},\"primaryImageOfPage\":{\"@id\":\"https:\/\/laines-aux-bois.fr\/?p=1461#primaryimage\"},\"image\":{\"@id\":\"https:\/\/laines-aux-bois.fr\/?p=1461#primaryimage\"},\"thumbnailUrl\":\"https:\/\/laines-aux-bois.fr\/wp-content\/uploads\/2021\/06\/fete-de-la-musique-pauillac-2021-06-21.jpg\",\"datePublished\":\"2021-06-04T09:51:06+00:00\",\"dateModified\":\"2021-07-01T19:26:03+00:00\",\"description\":\"F\u00eate de la musique \u00e0 la salle pluriactivit\u00e9s de Laines-aux-Bois le 19 juin \u00e0 partir de 19 heures et jusqu'\u00e0 22h30\",\"breadcrumb\":{\"@id\":\"https:\/\/laines-aux-bois.fr\/?p=1461#breadcrumb\"},\"inLanguage\":\"fr-FR\",\"potentialAction\":[{\"@type\":\"ReadAction\",\"target\":[\"https:\/\/laines-aux-bois.fr\/?p=1461\"]}]},{\"@type\":\"ImageObject\",\"inLanguage\":\"fr-FR\",\"@id\":\"https:\/\/laines-aux-bois.fr\/?p=1461#primaryimage\",\"url\":\"https:\/\/laines-aux-bois.fr\/wp-content\/uploads\/2021\/06\/fete-de-la-musique-pauillac-2021-06-21.jpg\",\"contentUrl\":\"https:\/\/laines-aux-bois.fr\/wp-content\/uploads\/2021\/06\/fete-de-la-musique-pauillac-2021-06-21.jpg\",\"width\":772,\"height\":551},{\"@type\":\"BreadcrumbList\",\"@id\":\"https:\/\/laines-aux-bois.fr\/?p=1461#breadcrumb\",\"itemListElement\":[{\"@type\":\"ListItem\",\"position\":1,\"name\":\"Accueil\",\"item\":\"https:\/\/laines-aux-bois.fr\/\"},{\"@type\":\"ListItem\",\"position\":2,\"name\":\"F\u00eate de la musique\"}]},{\"@type\":\"WebSite\",\"@id\":\"https:\/\/laines-aux-bois.fr\/#website\",\"url\":\"https:\/\/laines-aux-bois.fr\/\",\"name\":\"Laines-aux-Bois\",\"description\":\"Site officiel de la commune\",\"publisher\":{\"@id\":\"https:\/\/laines-aux-bois.fr\/#organization\"},\"potentialAction\":[{\"@type\":\"SearchAction\",\"target\":{\"@type\":\"EntryPoint\",\"urlTemplate\":\"https:\/\/laines-aux-bois.fr\/?s={search_term_string}\"},\"query-input\":{\"@type\":\"PropertyValueSpecification\",\"valueRequired\":true,\"valueName\":\"search_term_string\"}}],\"inLanguage\":\"fr-FR\"},{\"@type\":\"Organization\",\"@id\":\"https:\/\/laines-aux-bois.fr\/#organization\",\"name\":\"Mairie de Laines-aux-Bois\",\"url\":\"https:\/\/laines-aux-bois.fr\/\",\"logo\":{\"@type\":\"ImageObject\",\"inLanguage\":\"fr-FR\",\"@id\":\"https:\/\/laines-aux-bois.fr\/#\/schema\/logo\/image\/\",\"url\":\"https:\/\/laines-aux-bois.fr\/wp-content\/uploads\/2021\/03\/Logo_Laines-aux-Bois-scaled-e1619425296534.jpg\",\"contentUrl\":\"https:\/\/laines-aux-bois.fr\/wp-content\/uploads\/2021\/03\/Logo_Laines-aux-Bois-scaled-e1619425296534.jpg\",\"width\":710,\"height\":512,\"caption\":\"Mairie de Laines-aux-Bois\"},\"image\":{\"@id\":\"https:\/\/laines-aux-bois.fr\/#\/schema\/logo\/image\/\"},\"sameAs\":[\"https:\/\/www.facebook.com\/Mairie-de-Laines-aux-Bois-113150383645438\"]},{\"@type\":\"Person\",\"@id\":\"https:\/\/laines-aux-bois.fr\/#\/schema\/person\/681d28f804c157ef18f0cc71a1cbdff2\",\"name\":\"webmasterlab\",\"image\":{\"@type\":\"ImageObject\",\"inLanguage\":\"fr-FR\",\"@id\":\"https:\/\/laines-aux-bois.fr\/#\/schema\/person\/image\/\",\"url\":\"https:\/\/secure.gravatar.com\/avatar\/1387a4cce899956dcf92c17973b5c962?s=96&d=mm&r=g\",\"contentUrl\":\"https:\/\/secure.gravatar.com\/avatar\/1387a4cce899956dcf92c17973b5c962?s=96&d=mm&r=g\",\"caption\":\"webmasterlab\"},\"sameAs\":[\"http:\/\/laines-aux-bois.fr\"]}]}<\/script>\n<!-- \/ Yoast SEO plugin. -->","yoast_head_json":{"title":"Laines-aux-Bois - F\u00eate de la musique \u00e0 la salle pluriactivit\u00e9s","description":"F\u00eate de la musique \u00e0 la salle pluriactivit\u00e9s de Laines-aux-Bois le 19 juin \u00e0 partir de 19 heures et jusqu'\u00e0 22h30","robots":{"index":"index","follow":"follow","max-snippet":"max-snippet:-1","max-image-preview":"max-image-preview:large","max-video-preview":"max-video-preview:-1"},"canonical":"https:\/\/laines-aux-bois.fr\/?p=1461","og_locale":"fr_FR","og_type":"article","og_title":"Laines-aux-Bois - F\u00eate de la musique \u00e0 la salle pluriactivit\u00e9s","og_description":"F\u00eate de la musique \u00e0 la salle pluriactivit\u00e9s de Laines-aux-Bois le 19 juin \u00e0 partir de 19 heures et jusqu'\u00e0 22h30","og_url":"https:\/\/laines-aux-bois.fr\/?p=1461","og_site_name":"Laines-aux-Bois","article_publisher":"https:\/\/www.facebook.com\/Mairie-de-Laines-aux-Bois-113150383645438","article_published_time":"2021-06-04T09:51:06+00:00","article_modified_time":"2021-07-01T19:26:03+00:00","og_image":[{"width":772,"height":551,"url":"https:\/\/laines-aux-bois.fr\/wp-content\/uploads\/2021\/06\/fete-de-la-musique-pauillac-2021-06-21.jpg","type":"image\/jpeg"}],"author":"webmasterlab","twitter_card":"summary_large_image","twitter_misc":{"\u00c9crit par":"webmasterlab","Dur\u00e9e de lecture estim\u00e9e":"1 minute"},"schema":{"@context":"https:\/\/schema.org","@graph":[{"@type":"Article","@id":"https:\/\/laines-aux-bois.fr\/?p=1461#article","isPartOf":{"@id":"https:\/\/laines-aux-bois.fr\/?p=1461"},"author":{"name":"webmasterlab","@id":"https:\/\/laines-aux-bois.fr\/#\/schema\/person\/681d28f804c157ef18f0cc71a1cbdff2"},"headline":"F\u00eate de la musique","datePublished":"2021-06-04T09:51:06+00:00","dateModified":"2021-07-01T19:26:03+00:00","mainEntityOfPage":{"@id":"https:\/\/laines-aux-bois.fr\/?p=1461"},"wordCount":50,"publisher":{"@id":"https:\/\/laines-aux-bois.fr\/#organization"},"image":{"@id":"https:\/\/laines-aux-bois.fr\/?p=1461#primaryimage"},"thumbnailUrl":"https:\/\/laines-aux-bois.fr\/wp-content\/uploads\/2021\/06\/fete-de-la-musique-pauillac-2021-06-21.jpg","keywords":["F\u00eate de la musique \u00e0 Laines aux Bois","F\u00eate de la musique \u00e0 Laines-aux-Bois","Laines aux Bois","laines-aux-bois","Mairie de Laines aux Bois"],"articleSection":["Actualit\u00e9s"],"inLanguage":"fr-FR"},{"@type":"WebPage","@id":"https:\/\/laines-aux-bois.fr\/?p=1461","url":"https:\/\/laines-aux-bois.fr\/?p=1461","name":"Laines-aux-Bois - F\u00eate de la musique \u00e0 la salle pluriactivit\u00e9s","isPartOf":{"@id":"https:\/\/laines-aux-bois.fr\/#website"},"primaryImageOfPage":{"@id":"https:\/\/laines-aux-bois.fr\/?p=1461#primaryimage"},"image":{"@id":"https:\/\/laines-aux-bois.fr\/?p=1461#primaryimage"},"thumbnailUrl":"https:\/\/laines-aux-bois.fr\/wp-content\/uploads\/2021\/06\/fete-de-la-musique-pauillac-2021-06-21.jpg","datePublished":"2021-06-04T09:51:06+00:00","dateModified":"2021-07-01T19:26:03+00:00","description":"F\u00eate de la musique \u00e0 la salle pluriactivit\u00e9s de Laines-aux-Bois le 19 juin \u00e0 partir de 19 heures et jusqu'\u00e0 22h30","breadcrumb":{"@id":"https:\/\/laines-aux-bois.fr\/?p=1461#breadcrumb"},"inLanguage":"fr-FR","potentialAction":[{"@type":"ReadAction","target":["https:\/\/laines-aux-bois.fr\/?p=1461"]}]},{"@type":"ImageObject","inLanguage":"fr-FR","@id":"https:\/\/laines-aux-bois.fr\/?p=1461#primaryimage","url":"https:\/\/laines-aux-bois.fr\/wp-content\/uploads\/2021\/06\/fete-de-la-musique-pauillac-2021-06-21.jpg","contentUrl":"https:\/\/laines-aux-bois.fr\/wp-content\/uploads\/2021\/06\/fete-de-la-musique-pauillac-2021-06-21.jpg","width":772,"height":551},{"@type":"BreadcrumbList","@id":"https:\/\/laines-aux-bois.fr\/?p=1461#breadcrumb","itemListElement":[{"@type":"ListItem","position":1,"name":"Accueil","item":"https:\/\/laines-aux-bois.fr\/"},{"@type":"ListItem","position":2,"name":"F\u00eate de la musique"}]},{"@type":"WebSite","@id":"https:\/\/laines-aux-bois.fr\/#website","url":"https:\/\/laines-aux-bois.fr\/","name":"Laines-aux-Bois","description":"Site officiel de la commune","publisher":{"@id":"https:\/\/laines-aux-bois.fr\/#organization"},"potentialAction":[{"@type":"SearchAction","target":{"@type":"EntryPoint","urlTemplate":"https:\/\/laines-aux-bois.fr\/?s={search_term_string}"},"query-input":{"@type":"PropertyValueSpecification","valueRequired":true,"valueName":"search_term_string"}}],"inLanguage":"fr-FR"},{"@type":"Organization","@id":"https:\/\/laines-aux-bois.fr\/#organization","name":"Mairie de Laines-aux-Bois","url":"https:\/\/laines-aux-bois.fr\/","logo":{"@type":"ImageObject","inLanguage":"fr-FR","@id":"https:\/\/laines-aux-bois.fr\/#\/schema\/logo\/image\/","url":"https:\/\/laines-aux-bois.fr\/wp-content\/uploads\/2021\/03\/Logo_Laines-aux-Bois-scaled-e1619425296534.jpg","contentUrl":"https:\/\/laines-aux-bois.fr\/wp-content\/uploads\/2021\/03\/Logo_Laines-aux-Bois-scaled-e1619425296534.jpg","width":710,"height":512,"caption":"Mairie de Laines-aux-Bois"},"image":{"@id":"https:\/\/laines-aux-bois.fr\/#\/schema\/logo\/image\/"},"sameAs":["https:\/\/www.facebook.com\/Mairie-de-Laines-aux-Bois-113150383645438"]},{"@type":"Person","@id":"https:\/\/laines-aux-bois.fr\/#\/schema\/person\/681d28f804c157ef18f0cc71a1cbdff2","name":"webmasterlab","image":{"@type":"ImageObject","inLanguage":"fr-FR","@id":"https:\/\/laines-aux-bois.fr\/#\/schema\/person\/image\/","url":"https:\/\/secure.gravatar.com\/avatar\/1387a4cce899956dcf92c17973b5c962?s=96&d=mm&r=g","contentUrl":"https:\/\/secure.gravatar.com\/avatar\/1387a4cce899956dcf92c17973b5c962?s=96&d=mm&r=g","caption":"webmasterlab"},"sameAs":["http:\/\/laines-aux-bois.fr"]}]}},"jetpack_featured_media_url":"https:\/\/laines-aux-bois.fr\/wp-content\/uploads\/2021\/06\/fete-de-la-musique-pauillac-2021-06-21.jpg","_links":{"self":[{"href":"https:\/\/laines-aux-bois.fr\/index.php?rest_route=\/wp\/v2\/posts\/1461"}],"collection":[{"href":"https:\/\/laines-aux-bois.fr\/index.php?rest_route=\/wp\/v2\/posts"}],"about":[{"href":"https:\/\/laines-aux-bois.fr\/index.php?rest_route=\/wp\/v2\/types\/post"}],"author":[{"embeddable":true,"href":"https:\/\/laines-aux-bois.fr\/index.php?rest_route=\/wp\/v2\/users\/1"}],"replies":[{"embeddable":true,"href":"https:\/\/laines-aux-bois.fr\/index.php?rest_route=%2Fwp%2Fv2%2Fcomments&post=1461"}],"version-history":[{"count":1,"href":"https:\/\/laines-aux-bois.fr\/index.php?rest_route=\/wp\/v2\/posts\/1461\/revisions"}],"predecessor-version":[{"id":1463,"href":"https:\/\/laines-aux-bois.fr\/index.php?rest_route=\/wp\/v2\/posts\/1461\/revisions\/1463"}],"wp:featuredmedia":[{"embeddable":true,"href":"https:\/\/laines-aux-bois.fr\/index.php?rest_route=\/wp\/v2\/media\/1462"}],"wp:attachment":[{"href":"https:\/\/laines-aux-bois.fr\/index.php?rest_route=%2Fwp%2Fv2%2Fmedia&parent=1461"}],"wp:term":[{"taxonomy":"category","embeddable":true,"href":"https:\/\/laines-aux-bois.fr\/index.php?rest_route=%2Fwp%2Fv2%2Fcategories&post=1461"},{"taxonomy":"post_tag","embeddable":true,"href":"https:\/\/laines-aux-bois.fr\/index.php?rest_route=%2Fwp%2Fv2%2Ftags&post=1461"}],"curies":[{"name":"wp","href":"https:\/\/api.w.org\/{rel}","templated":true}]}}