{"id":1479,"date":"2021-06-12T11:38:24","date_gmt":"2021-06-12T11:38:24","guid":{"rendered":"https:\/\/laines-aux-bois.fr\/?p=1479"},"modified":"2021-07-01T19:25:51","modified_gmt":"2021-07-01T19:25:51","slug":"ceremonie-du-monument-du-maquis-de-montaigu","status":"publish","type":"post","link":"https:\/\/laines-aux-bois.fr\/?p=1479","title":{"rendered":"C\u00e9r\u00e9monie du Monument du Maquis de Montaigu"},"content":{"rendered":"\n\n\n\n\n[et_pb_section fb_built=\u00a0\u00bb1&Prime; _builder_version=\u00a0\u00bb4.9.4&Prime; _module_preset=\u00a0\u00bbdefault\u00a0\u00bb custom_padding=\u00a0\u00bb0px||3px|||\u00a0\u00bb][et_pb_row _builder_version=\u00a0\u00bb4.9.4&Prime; _module_preset=\u00a0\u00bbdefault\u00a0\u00bb min_height=\u00a0\u00bb79.2px\u00a0\u00bb custom_padding=\u00a0\u00bb4px||6px|||\u00a0\u00bb][et_pb_column type=\u00a0\u00bb4_4&Prime; _builder_version=\u00a0\u00bb4.9.4&Prime; _module_preset=\u00a0\u00bbdefault\u00a0\u00bb][et_pb_text _builder_version=\u00a0\u00bb4.9.4&Prime; _module_preset=\u00a0\u00bbdefault\u00a0\u00bb]<p>Le samedi 12 juin \u00e0 11h a eu lieu une c\u00e9r\u00e9monie en m\u00e9moire de<span> 27 combattants\u00a0tu\u00e9s au combat, fusill\u00e9s par les allemands ou morts en d\u00e9portation.<\/span>\u00a0<\/p>\n<p>Merci \u00e0 tous pour votre participation.<\/p>\n<p>&nbsp;<\/p>[\/et_pb_text][\/et_pb_column][\/et_pb_row][\/et_pb_section][et_pb_section fb_built=\u00a0\u00bb1&Prime; _builder_version=\u00a0\u00bb4.9.4&Prime; _module_preset=\u00a0\u00bbdefault\u00a0\u00bb custom_padding=\u00a0\u00bb0px||3px|||\u00a0\u00bb][et_pb_row _builder_version=\u00a0\u00bb4.9.4&Prime; _module_preset=\u00a0\u00bbdefault\u00a0\u00bb hover_enabled=\u00a0\u00bb0&Prime; sticky_enabled=\u00a0\u00bb0&Prime;][et_pb_column _builder_version=\u00a0\u00bb4.9.4&Prime; _module_preset=\u00a0\u00bbdefault\u00a0\u00bb type=\u00a0\u00bb4_4&Prime;][et_pb_image src=\u00a0\u00bbhttps:\/\/laines-aux-bois.fr\/wp-content\/uploads\/2021\/06\/IMG_3837.jpg\u00a0\u00bb _builder_version=\u00a0\u00bb4.9.4&Prime; _module_preset=\u00a0\u00bbdefault\u00a0\u00bb title_text=\u00a0\u00bbIMG_3837&Prime; hover_enabled=\u00a0\u00bb0&Prime; sticky_enabled=\u00a0\u00bb0&Prime;][\/et_pb_image][et_pb_image src=\u00a0\u00bbhttps:\/\/laines-aux-bois.fr\/wp-content\/uploads\/2021\/06\/IMG_3848.jpg\u00a0\u00bb _builder_version=\u00a0\u00bb4.9.4&Prime; _module_preset=\u00a0\u00bbdefault\u00a0\u00bb title_text=\u00a0\u00bbIMG_3848&Prime; hover_enabled=\u00a0\u00bb0&Prime; sticky_enabled=\u00a0\u00bb0&Prime;][\/et_pb_image][et_pb_image src=\u00a0\u00bbhttps:\/\/laines-aux-bois.fr\/wp-content\/uploads\/2021\/06\/IMG_3850-rotated.jpg\u00a0\u00bb _builder_version=\u00a0\u00bb4.9.4&Prime; _module_preset=\u00a0\u00bbdefault\u00a0\u00bb title_text=\u00a0\u00bbIMG_3850&Prime; hover_enabled=\u00a0\u00bb0&Prime; sticky_enabled=\u00a0\u00bb0&Prime;][\/et_pb_image][\/et_pb_column][\/et_pb_row][\/et_pb_section]\n\n\n\n\n","protected":false},"excerpt":{"rendered":"<p>Le samedi 12 juin \u00e0 11h a eu lieu une c\u00e9r\u00e9monie en m\u00e9moire de 27 combattants\u00a0tu\u00e9s au combat, fusill\u00e9s par les allemands ou morts en d\u00e9portation.\u00a0 Merci \u00e0 tous pour votre participation. &nbsp;<\/p>\n","protected":false},"author":1,"featured_media":1483,"comment_status":"closed","ping_status":"closed","sticky":false,"template":"","format":"standard","meta":{"_et_pb_use_builder":"on","_et_pb_old_content":"","_et_gb_content_width":"1080","cybocfi_hide_featured_image":"","spay_email":"","footnotes":""},"categories":[1],"tags":[5,8,6,7],"class_list":["post-1479","post","type-post","status-publish","format-standard","has-post-thumbnail","hentry","category-actualites","tag-laines-aux-bois","tag-laines-aux-bois-2","tag-mairie-de-laines-aux-bois","tag-maquis-de-montaigu"],"yoast_head":"<!-- This site is optimized with the Yoast SEO plugin v23.4 - https:\/\/yoast.com\/wordpress\/plugins\/seo\/ -->\n<title>C\u00e9r\u00e9monie du Monument du Maquis de Montaigu - Laines-aux-Bois<\/title>\n<meta name=\"description\" content=\"Laines-aux-Bois - C\u00e9r\u00e9monie du Monument du Maquis de Montaigu - Le samedi 12 juin a eu lieu une c\u00e9r\u00e9monie en m\u00e9moire de 27 combattants...\" \/>\n<meta name=\"robots\" content=\"index, follow, max-snippet:-1, max-image-preview:large, max-video-preview:-1\" \/>\n<link rel=\"canonical\" href=\"https:\/\/laines-aux-bois.fr\/?p=1479\" \/>\n<meta property=\"og:locale\" content=\"fr_FR\" \/>\n<meta property=\"og:type\" content=\"article\" \/>\n<meta property=\"og:title\" content=\"C\u00e9r\u00e9monie du Monument du Maquis de Montaigu - Laines-aux-Bois\" \/>\n<meta property=\"og:description\" content=\"Laines-aux-Bois - C\u00e9r\u00e9monie du Monument du Maquis de Montaigu - Le samedi 12 juin a eu lieu une c\u00e9r\u00e9monie en m\u00e9moire de 27 combattants...\" \/>\n<meta property=\"og:url\" content=\"https:\/\/laines-aux-bois.fr\/?p=1479\" \/>\n<meta property=\"og:site_name\" content=\"Laines-aux-Bois\" \/>\n<meta property=\"article:publisher\" content=\"https:\/\/www.facebook.com\/Mairie-de-Laines-aux-Bois-113150383645438\" \/>\n<meta property=\"article:published_time\" content=\"2021-06-12T11:38:24+00:00\" \/>\n<meta property=\"article:modified_time\" content=\"2021-07-01T19:25:51+00:00\" \/>\n<meta property=\"og:image\" content=\"https:\/\/laines-aux-bois.fr\/wp-content\/uploads\/2021\/06\/IMG_3839.jpg\" \/>\n\t<meta property=\"og:image:width\" content=\"2016\" \/>\n\t<meta property=\"og:image:height\" content=\"1512\" \/>\n\t<meta property=\"og:image:type\" content=\"image\/jpeg\" \/>\n<meta name=\"author\" content=\"webmasterlab\" \/>\n<meta name=\"twitter:card\" content=\"summary_large_image\" \/>\n<meta name=\"twitter:label1\" content=\"\u00c9crit par\" \/>\n\t<meta name=\"twitter:data1\" content=\"webmasterlab\" \/>\n\t<meta name=\"twitter:label2\" content=\"Dur\u00e9e de lecture estim\u00e9e\" \/>\n\t<meta name=\"twitter:data2\" content=\"1 minute\" \/>\n<script type=\"application\/ld+json\" class=\"yoast-schema-graph\">{\"@context\":\"https:\/\/schema.org\",\"@graph\":[{\"@type\":\"Article\",\"@id\":\"https:\/\/laines-aux-bois.fr\/?p=1479#article\",\"isPartOf\":{\"@id\":\"https:\/\/laines-aux-bois.fr\/?p=1479\"},\"author\":{\"name\":\"webmasterlab\",\"@id\":\"https:\/\/laines-aux-bois.fr\/#\/schema\/person\/681d28f804c157ef18f0cc71a1cbdff2\"},\"headline\":\"C\u00e9r\u00e9monie du Monument du Maquis de Montaigu\",\"datePublished\":\"2021-06-12T11:38:24+00:00\",\"dateModified\":\"2021-07-01T19:25:51+00:00\",\"mainEntityOfPage\":{\"@id\":\"https:\/\/laines-aux-bois.fr\/?p=1479\"},\"wordCount\":226,\"publisher\":{\"@id\":\"https:\/\/laines-aux-bois.fr\/#organization\"},\"image\":{\"@id\":\"https:\/\/laines-aux-bois.fr\/?p=1479#primaryimage\"},\"thumbnailUrl\":\"https:\/\/laines-aux-bois.fr\/wp-content\/uploads\/2021\/06\/IMG_3839.jpg\",\"keywords\":[\"Laines aux Bois\",\"laines-aux-bois\",\"Mairie de Laines aux Bois\",\"Maquis de Montaigu\"],\"articleSection\":[\"Actualit\u00e9s\"],\"inLanguage\":\"fr-FR\"},{\"@type\":\"WebPage\",\"@id\":\"https:\/\/laines-aux-bois.fr\/?p=1479\",\"url\":\"https:\/\/laines-aux-bois.fr\/?p=1479\",\"name\":\"C\u00e9r\u00e9monie du Monument du Maquis de Montaigu - Laines-aux-Bois\",\"isPartOf\":{\"@id\":\"https:\/\/laines-aux-bois.fr\/#website\"},\"primaryImageOfPage\":{\"@id\":\"https:\/\/laines-aux-bois.fr\/?p=1479#primaryimage\"},\"image\":{\"@id\":\"https:\/\/laines-aux-bois.fr\/?p=1479#primaryimage\"},\"thumbnailUrl\":\"https:\/\/laines-aux-bois.fr\/wp-content\/uploads\/2021\/06\/IMG_3839.jpg\",\"datePublished\":\"2021-06-12T11:38:24+00:00\",\"dateModified\":\"2021-07-01T19:25:51+00:00\",\"description\":\"Laines-aux-Bois - C\u00e9r\u00e9monie du Monument du Maquis de Montaigu - Le samedi 12 juin a eu lieu une c\u00e9r\u00e9monie en m\u00e9moire de 27 combattants...\",\"breadcrumb\":{\"@id\":\"https:\/\/laines-aux-bois.fr\/?p=1479#breadcrumb\"},\"inLanguage\":\"fr-FR\",\"potentialAction\":[{\"@type\":\"ReadAction\",\"target\":[\"https:\/\/laines-aux-bois.fr\/?p=1479\"]}]},{\"@type\":\"ImageObject\",\"inLanguage\":\"fr-FR\",\"@id\":\"https:\/\/laines-aux-bois.fr\/?p=1479#primaryimage\",\"url\":\"https:\/\/laines-aux-bois.fr\/wp-content\/uploads\/2021\/06\/IMG_3839.jpg\",\"contentUrl\":\"https:\/\/laines-aux-bois.fr\/wp-content\/uploads\/2021\/06\/IMG_3839.jpg\",\"width\":2016,\"height\":1512},{\"@type\":\"BreadcrumbList\",\"@id\":\"https:\/\/laines-aux-bois.fr\/?p=1479#breadcrumb\",\"itemListElement\":[{\"@type\":\"ListItem\",\"position\":1,\"name\":\"Accueil\",\"item\":\"https:\/\/laines-aux-bois.fr\/\"},{\"@type\":\"ListItem\",\"position\":2,\"name\":\"C\u00e9r\u00e9monie du Monument du Maquis de Montaigu\"}]},{\"@type\":\"WebSite\",\"@id\":\"https:\/\/laines-aux-bois.fr\/#website\",\"url\":\"https:\/\/laines-aux-bois.fr\/\",\"name\":\"Laines-aux-Bois\",\"description\":\"Site officiel de la commune\",\"publisher\":{\"@id\":\"https:\/\/laines-aux-bois.fr\/#organization\"},\"potentialAction\":[{\"@type\":\"SearchAction\",\"target\":{\"@type\":\"EntryPoint\",\"urlTemplate\":\"https:\/\/laines-aux-bois.fr\/?s={search_term_string}\"},\"query-input\":{\"@type\":\"PropertyValueSpecification\",\"valueRequired\":true,\"valueName\":\"search_term_string\"}}],\"inLanguage\":\"fr-FR\"},{\"@type\":\"Organization\",\"@id\":\"https:\/\/laines-aux-bois.fr\/#organization\",\"name\":\"Mairie de Laines-aux-Bois\",\"url\":\"https:\/\/laines-aux-bois.fr\/\",\"logo\":{\"@type\":\"ImageObject\",\"inLanguage\":\"fr-FR\",\"@id\":\"https:\/\/laines-aux-bois.fr\/#\/schema\/logo\/image\/\",\"url\":\"https:\/\/laines-aux-bois.fr\/wp-content\/uploads\/2021\/03\/Logo_Laines-aux-Bois-scaled-e1619425296534.jpg\",\"contentUrl\":\"https:\/\/laines-aux-bois.fr\/wp-content\/uploads\/2021\/03\/Logo_Laines-aux-Bois-scaled-e1619425296534.jpg\",\"width\":710,\"height\":512,\"caption\":\"Mairie de Laines-aux-Bois\"},\"image\":{\"@id\":\"https:\/\/laines-aux-bois.fr\/#\/schema\/logo\/image\/\"},\"sameAs\":[\"https:\/\/www.facebook.com\/Mairie-de-Laines-aux-Bois-113150383645438\"]},{\"@type\":\"Person\",\"@id\":\"https:\/\/laines-aux-bois.fr\/#\/schema\/person\/681d28f804c157ef18f0cc71a1cbdff2\",\"name\":\"webmasterlab\",\"image\":{\"@type\":\"ImageObject\",\"inLanguage\":\"fr-FR\",\"@id\":\"https:\/\/laines-aux-bois.fr\/#\/schema\/person\/image\/\",\"url\":\"https:\/\/secure.gravatar.com\/avatar\/1387a4cce899956dcf92c17973b5c962?s=96&d=mm&r=g\",\"contentUrl\":\"https:\/\/secure.gravatar.com\/avatar\/1387a4cce899956dcf92c17973b5c962?s=96&d=mm&r=g\",\"caption\":\"webmasterlab\"},\"sameAs\":[\"http:\/\/laines-aux-bois.fr\"]}]}<\/script>\n<!-- \/ Yoast SEO plugin. -->","yoast_head_json":{"title":"C\u00e9r\u00e9monie du Monument du Maquis de Montaigu - Laines-aux-Bois","description":"Laines-aux-Bois - C\u00e9r\u00e9monie du Monument du Maquis de Montaigu - Le samedi 12 juin a eu lieu une c\u00e9r\u00e9monie en m\u00e9moire de 27 combattants...","robots":{"index":"index","follow":"follow","max-snippet":"max-snippet:-1","max-image-preview":"max-image-preview:large","max-video-preview":"max-video-preview:-1"},"canonical":"https:\/\/laines-aux-bois.fr\/?p=1479","og_locale":"fr_FR","og_type":"article","og_title":"C\u00e9r\u00e9monie du Monument du Maquis de Montaigu - Laines-aux-Bois","og_description":"Laines-aux-Bois - C\u00e9r\u00e9monie du Monument du Maquis de Montaigu - Le samedi 12 juin a eu lieu une c\u00e9r\u00e9monie en m\u00e9moire de 27 combattants...","og_url":"https:\/\/laines-aux-bois.fr\/?p=1479","og_site_name":"Laines-aux-Bois","article_publisher":"https:\/\/www.facebook.com\/Mairie-de-Laines-aux-Bois-113150383645438","article_published_time":"2021-06-12T11:38:24+00:00","article_modified_time":"2021-07-01T19:25:51+00:00","og_image":[{"width":2016,"height":1512,"url":"https:\/\/laines-aux-bois.fr\/wp-content\/uploads\/2021\/06\/IMG_3839.jpg","type":"image\/jpeg"}],"author":"webmasterlab","twitter_card":"summary_large_image","twitter_misc":{"\u00c9crit par":"webmasterlab","Dur\u00e9e de lecture estim\u00e9e":"1 minute"},"schema":{"@context":"https:\/\/schema.org","@graph":[{"@type":"Article","@id":"https:\/\/laines-aux-bois.fr\/?p=1479#article","isPartOf":{"@id":"https:\/\/laines-aux-bois.fr\/?p=1479"},"author":{"name":"webmasterlab","@id":"https:\/\/laines-aux-bois.fr\/#\/schema\/person\/681d28f804c157ef18f0cc71a1cbdff2"},"headline":"C\u00e9r\u00e9monie du Monument du Maquis de Montaigu","datePublished":"2021-06-12T11:38:24+00:00","dateModified":"2021-07-01T19:25:51+00:00","mainEntityOfPage":{"@id":"https:\/\/laines-aux-bois.fr\/?p=1479"},"wordCount":226,"publisher":{"@id":"https:\/\/laines-aux-bois.fr\/#organization"},"image":{"@id":"https:\/\/laines-aux-bois.fr\/?p=1479#primaryimage"},"thumbnailUrl":"https:\/\/laines-aux-bois.fr\/wp-content\/uploads\/2021\/06\/IMG_3839.jpg","keywords":["Laines aux Bois","laines-aux-bois","Mairie de Laines aux Bois","Maquis de Montaigu"],"articleSection":["Actualit\u00e9s"],"inLanguage":"fr-FR"},{"@type":"WebPage","@id":"https:\/\/laines-aux-bois.fr\/?p=1479","url":"https:\/\/laines-aux-bois.fr\/?p=1479","name":"C\u00e9r\u00e9monie du Monument du Maquis de Montaigu - Laines-aux-Bois","isPartOf":{"@id":"https:\/\/laines-aux-bois.fr\/#website"},"primaryImageOfPage":{"@id":"https:\/\/laines-aux-bois.fr\/?p=1479#primaryimage"},"image":{"@id":"https:\/\/laines-aux-bois.fr\/?p=1479#primaryimage"},"thumbnailUrl":"https:\/\/laines-aux-bois.fr\/wp-content\/uploads\/2021\/06\/IMG_3839.jpg","datePublished":"2021-06-12T11:38:24+00:00","dateModified":"2021-07-01T19:25:51+00:00","description":"Laines-aux-Bois - C\u00e9r\u00e9monie du Monument du Maquis de Montaigu - Le samedi 12 juin a eu lieu une c\u00e9r\u00e9monie en m\u00e9moire de 27 combattants...","breadcrumb":{"@id":"https:\/\/laines-aux-bois.fr\/?p=1479#breadcrumb"},"inLanguage":"fr-FR","potentialAction":[{"@type":"ReadAction","target":["https:\/\/laines-aux-bois.fr\/?p=1479"]}]},{"@type":"ImageObject","inLanguage":"fr-FR","@id":"https:\/\/laines-aux-bois.fr\/?p=1479#primaryimage","url":"https:\/\/laines-aux-bois.fr\/wp-content\/uploads\/2021\/06\/IMG_3839.jpg","contentUrl":"https:\/\/laines-aux-bois.fr\/wp-content\/uploads\/2021\/06\/IMG_3839.jpg","width":2016,"height":1512},{"@type":"BreadcrumbList","@id":"https:\/\/laines-aux-bois.fr\/?p=1479#breadcrumb","itemListElement":[{"@type":"ListItem","position":1,"name":"Accueil","item":"https:\/\/laines-aux-bois.fr\/"},{"@type":"ListItem","position":2,"name":"C\u00e9r\u00e9monie du Monument du Maquis de Montaigu"}]},{"@type":"WebSite","@id":"https:\/\/laines-aux-bois.fr\/#website","url":"https:\/\/laines-aux-bois.fr\/","name":"Laines-aux-Bois","description":"Site officiel de la commune","publisher":{"@id":"https:\/\/laines-aux-bois.fr\/#organization"},"potentialAction":[{"@type":"SearchAction","target":{"@type":"EntryPoint","urlTemplate":"https:\/\/laines-aux-bois.fr\/?s={search_term_string}"},"query-input":{"@type":"PropertyValueSpecification","valueRequired":true,"valueName":"search_term_string"}}],"inLanguage":"fr-FR"},{"@type":"Organization","@id":"https:\/\/laines-aux-bois.fr\/#organization","name":"Mairie de Laines-aux-Bois","url":"https:\/\/laines-aux-bois.fr\/","logo":{"@type":"ImageObject","inLanguage":"fr-FR","@id":"https:\/\/laines-aux-bois.fr\/#\/schema\/logo\/image\/","url":"https:\/\/laines-aux-bois.fr\/wp-content\/uploads\/2021\/03\/Logo_Laines-aux-Bois-scaled-e1619425296534.jpg","contentUrl":"https:\/\/laines-aux-bois.fr\/wp-content\/uploads\/2021\/03\/Logo_Laines-aux-Bois-scaled-e1619425296534.jpg","width":710,"height":512,"caption":"Mairie de Laines-aux-Bois"},"image":{"@id":"https:\/\/laines-aux-bois.fr\/#\/schema\/logo\/image\/"},"sameAs":["https:\/\/www.facebook.com\/Mairie-de-Laines-aux-Bois-113150383645438"]},{"@type":"Person","@id":"https:\/\/laines-aux-bois.fr\/#\/schema\/person\/681d28f804c157ef18f0cc71a1cbdff2","name":"webmasterlab","image":{"@type":"ImageObject","inLanguage":"fr-FR","@id":"https:\/\/laines-aux-bois.fr\/#\/schema\/person\/image\/","url":"https:\/\/secure.gravatar.com\/avatar\/1387a4cce899956dcf92c17973b5c962?s=96&d=mm&r=g","contentUrl":"https:\/\/secure.gravatar.com\/avatar\/1387a4cce899956dcf92c17973b5c962?s=96&d=mm&r=g","caption":"webmasterlab"},"sameAs":["http:\/\/laines-aux-bois.fr"]}]}},"jetpack_featured_media_url":"https:\/\/laines-aux-bois.fr\/wp-content\/uploads\/2021\/06\/IMG_3839.jpg","_links":{"self":[{"href":"https:\/\/laines-aux-bois.fr\/index.php?rest_route=\/wp\/v2\/posts\/1479"}],"collection":[{"href":"https:\/\/laines-aux-bois.fr\/index.php?rest_route=\/wp\/v2\/posts"}],"about":[{"href":"https:\/\/laines-aux-bois.fr\/index.php?rest_route=\/wp\/v2\/types\/post"}],"author":[{"embeddable":true,"href":"https:\/\/laines-aux-bois.fr\/index.php?rest_route=\/wp\/v2\/users\/1"}],"replies":[{"embeddable":true,"href":"https:\/\/laines-aux-bois.fr\/index.php?rest_route=%2Fwp%2Fv2%2Fcomments&post=1479"}],"version-history":[{"count":4,"href":"https:\/\/laines-aux-bois.fr\/index.php?rest_route=\/wp\/v2\/posts\/1479\/revisions"}],"predecessor-version":[{"id":1489,"href":"https:\/\/laines-aux-bois.fr\/index.php?rest_route=\/wp\/v2\/posts\/1479\/revisions\/1489"}],"wp:featuredmedia":[{"embeddable":true,"href":"https:\/\/laines-aux-bois.fr\/index.php?rest_route=\/wp\/v2\/media\/1483"}],"wp:attachment":[{"href":"https:\/\/laines-aux-bois.fr\/index.php?rest_route=%2Fwp%2Fv2%2Fmedia&parent=1479"}],"wp:term":[{"taxonomy":"category","embeddable":true,"href":"https:\/\/laines-aux-bois.fr\/index.php?rest_route=%2Fwp%2Fv2%2Fcategories&post=1479"},{"taxonomy":"post_tag","embeddable":true,"href":"https:\/\/laines-aux-bois.fr\/index.php?rest_route=%2Fwp%2Fv2%2Ftags&post=1479"}],"curies":[{"name":"wp","href":"https:\/\/api.w.org\/{rel}","templated":true}]}}