{"id":1828,"date":"2022-03-02T17:29:02","date_gmt":"2022-03-02T17:29:02","guid":{"rendered":"https:\/\/laines-aux-bois.fr\/?p=1828"},"modified":"2022-03-02T17:32:19","modified_gmt":"2022-03-02T17:32:19","slug":"rendez-vous-polar","status":"publish","type":"post","link":"https:\/\/laines-aux-bois.fr\/?p=1828","title":{"rendered":"Rendez vous Polar"},"content":{"rendered":"\n[et_pb_section fb_built=\u00a0\u00bb1&Prime; _builder_version=\u00a0\u00bb4.14.6&Prime; _module_preset=\u00a0\u00bbdefault\u00a0\u00bb custom_padding=\u00a0\u00bb0px||3px|||\u00a0\u00bb hover_enabled=\u00a0\u00bb0&Prime; global_colors_info=\u00a0\u00bb{}\u00a0\u00bb theme_builder_area=\u00a0\u00bbpost_content\u00a0\u00bb sticky_enabled=\u00a0\u00bb0&Prime;][et_pb_row _builder_version=\u00a0\u00bb4.9.4&Prime; _module_preset=\u00a0\u00bbdefault\u00a0\u00bb min_height=\u00a0\u00bb79.2px\u00a0\u00bb custom_padding=\u00a0\u00bb4px||6px|||\u00a0\u00bb global_colors_info=\u00a0\u00bb{}\u00a0\u00bb theme_builder_area=\u00a0\u00bbpost_content\u00a0\u00bb][et_pb_column type=\u00a0\u00bb4_4&Prime; _builder_version=\u00a0\u00bb4.9.4&Prime; _module_preset=\u00a0\u00bbdefault\u00a0\u00bb global_colors_info=\u00a0\u00bb{}\u00a0\u00bb theme_builder_area=\u00a0\u00bbpost_content\u00a0\u00bb][et_pb_text _builder_version=\u00a0\u00bb4.14.6&Prime; _module_preset=\u00a0\u00bbdefault\u00a0\u00bb hover_enabled=\u00a0\u00bb0&Prime; global_colors_info=\u00a0\u00bb{}\u00a0\u00bb theme_builder_area=\u00a0\u00bbpost_content\u00a0\u00bb sticky_enabled=\u00a0\u00bb0&Prime;]<p>Vendredi 11 mars de 18h30 \u00e0 20h00, rendez vous \u00e0 la biblioth\u00e8que L\u00e9andre Nicolas, pour \u00e9changer autour de vos lectures polar, thriller&#8230;<\/p>[\/et_pb_text][\/et_pb_column][\/et_pb_row][\/et_pb_section]\n","protected":false},"excerpt":{"rendered":"<p>Vendredi 11 mars de 18h30 \u00e0 20h00, rendez vous \u00e0 la biblioth\u00e8que L\u00e9andre Nicolas, pour \u00e9changer autour de vos lectures polar, thriller&#8230;<\/p>\n","protected":false},"author":1,"featured_media":1830,"comment_status":"closed","ping_status":"closed","sticky":false,"template":"","format":"standard","meta":{"_et_pb_use_builder":"on","_et_pb_old_content":"","_et_gb_content_width":"1080","cybocfi_hide_featured_image":"","spay_email":"","footnotes":""},"categories":[1],"tags":[38,14,5,8,6],"class_list":["post-1828","post","type-post","status-publish","format-standard","has-post-thumbnail","hentry","category-actualites","tag-38","tag-bibliotheque-leandre-nicolas","tag-laines-aux-bois","tag-laines-aux-bois-2","tag-mairie-de-laines-aux-bois"],"yoast_head":"<!-- This site is optimized with the Yoast SEO plugin v23.4 - https:\/\/yoast.com\/wordpress\/plugins\/seo\/ -->\n<title>Rendez vous Polar - Laines-aux-Bois<\/title>\n<meta name=\"description\" content=\"Rendez vous Polar Laines-aux-Bois Actualit\u00e9s -\" \/>\n<meta name=\"robots\" content=\"index, follow, max-snippet:-1, max-image-preview:large, max-video-preview:-1\" \/>\n<link rel=\"canonical\" href=\"https:\/\/laines-aux-bois.fr\/?p=1828\" \/>\n<meta property=\"og:locale\" content=\"fr_FR\" \/>\n<meta property=\"og:type\" content=\"article\" \/>\n<meta property=\"og:title\" content=\"Rendez vous Polar - Laines-aux-Bois\" \/>\n<meta property=\"og:description\" content=\"Rendez vous Polar Laines-aux-Bois Actualit\u00e9s -\" \/>\n<meta property=\"og:url\" content=\"https:\/\/laines-aux-bois.fr\/?p=1828\" \/>\n<meta property=\"og:site_name\" content=\"Laines-aux-Bois\" \/>\n<meta property=\"article:publisher\" content=\"https:\/\/www.facebook.com\/Mairie-de-Laines-aux-Bois-113150383645438\" \/>\n<meta property=\"article:published_time\" content=\"2022-03-02T17:29:02+00:00\" \/>\n<meta property=\"article:modified_time\" content=\"2022-03-02T17:32:19+00:00\" \/>\n<meta property=\"og:image\" content=\"https:\/\/laines-aux-bois.fr\/wp-content\/uploads\/2022\/03\/0F50563B-1.png\" \/>\n\t<meta property=\"og:image:width\" content=\"453\" \/>\n\t<meta property=\"og:image:height\" content=\"640\" \/>\n\t<meta property=\"og:image:type\" content=\"image\/png\" \/>\n<meta name=\"author\" content=\"webmasterlab\" \/>\n<meta name=\"twitter:card\" content=\"summary_large_image\" \/>\n<meta name=\"twitter:label1\" content=\"\u00c9crit par\" \/>\n\t<meta name=\"twitter:data1\" content=\"webmasterlab\" \/>\n\t<meta name=\"twitter:label2\" content=\"Dur\u00e9e de lecture estim\u00e9e\" \/>\n\t<meta name=\"twitter:data2\" content=\"1 minute\" \/>\n<script type=\"application\/ld+json\" class=\"yoast-schema-graph\">{\"@context\":\"https:\/\/schema.org\",\"@graph\":[{\"@type\":\"Article\",\"@id\":\"https:\/\/laines-aux-bois.fr\/?p=1828#article\",\"isPartOf\":{\"@id\":\"https:\/\/laines-aux-bois.fr\/?p=1828\"},\"author\":{\"name\":\"webmasterlab\",\"@id\":\"https:\/\/laines-aux-bois.fr\/#\/schema\/person\/681d28f804c157ef18f0cc71a1cbdff2\"},\"headline\":\"Rendez vous Polar\",\"datePublished\":\"2022-03-02T17:29:02+00:00\",\"dateModified\":\"2022-03-02T17:32:19+00:00\",\"mainEntityOfPage\":{\"@id\":\"https:\/\/laines-aux-bois.fr\/?p=1828\"},\"wordCount\":122,\"publisher\":{\"@id\":\"https:\/\/laines-aux-bois.fr\/#organization\"},\"image\":{\"@id\":\"https:\/\/laines-aux-bois.fr\/?p=1828#primaryimage\"},\"thumbnailUrl\":\"https:\/\/laines-aux-bois.fr\/wp-content\/uploads\/2022\/03\/0F50563B-1.png\",\"keywords\":[\"2022\",\"biblioth\u00e8que L\u00e9andre Nicolas\",\"Laines aux Bois\",\"laines-aux-bois\",\"Mairie de Laines aux Bois\"],\"articleSection\":[\"Actualit\u00e9s\"],\"inLanguage\":\"fr-FR\"},{\"@type\":\"WebPage\",\"@id\":\"https:\/\/laines-aux-bois.fr\/?p=1828\",\"url\":\"https:\/\/laines-aux-bois.fr\/?p=1828\",\"name\":\"Rendez vous Polar - Laines-aux-Bois\",\"isPartOf\":{\"@id\":\"https:\/\/laines-aux-bois.fr\/#website\"},\"primaryImageOfPage\":{\"@id\":\"https:\/\/laines-aux-bois.fr\/?p=1828#primaryimage\"},\"image\":{\"@id\":\"https:\/\/laines-aux-bois.fr\/?p=1828#primaryimage\"},\"thumbnailUrl\":\"https:\/\/laines-aux-bois.fr\/wp-content\/uploads\/2022\/03\/0F50563B-1.png\",\"datePublished\":\"2022-03-02T17:29:02+00:00\",\"dateModified\":\"2022-03-02T17:32:19+00:00\",\"description\":\"Rendez vous Polar Laines-aux-Bois Actualit\u00e9s -\",\"breadcrumb\":{\"@id\":\"https:\/\/laines-aux-bois.fr\/?p=1828#breadcrumb\"},\"inLanguage\":\"fr-FR\",\"potentialAction\":[{\"@type\":\"ReadAction\",\"target\":[\"https:\/\/laines-aux-bois.fr\/?p=1828\"]}]},{\"@type\":\"ImageObject\",\"inLanguage\":\"fr-FR\",\"@id\":\"https:\/\/laines-aux-bois.fr\/?p=1828#primaryimage\",\"url\":\"https:\/\/laines-aux-bois.fr\/wp-content\/uploads\/2022\/03\/0F50563B-1.png\",\"contentUrl\":\"https:\/\/laines-aux-bois.fr\/wp-content\/uploads\/2022\/03\/0F50563B-1.png\",\"width\":453,\"height\":640},{\"@type\":\"BreadcrumbList\",\"@id\":\"https:\/\/laines-aux-bois.fr\/?p=1828#breadcrumb\",\"itemListElement\":[{\"@type\":\"ListItem\",\"position\":1,\"name\":\"Accueil\",\"item\":\"https:\/\/laines-aux-bois.fr\/\"},{\"@type\":\"ListItem\",\"position\":2,\"name\":\"Rendez vous Polar\"}]},{\"@type\":\"WebSite\",\"@id\":\"https:\/\/laines-aux-bois.fr\/#website\",\"url\":\"https:\/\/laines-aux-bois.fr\/\",\"name\":\"Laines-aux-Bois\",\"description\":\"Site officiel de la commune\",\"publisher\":{\"@id\":\"https:\/\/laines-aux-bois.fr\/#organization\"},\"potentialAction\":[{\"@type\":\"SearchAction\",\"target\":{\"@type\":\"EntryPoint\",\"urlTemplate\":\"https:\/\/laines-aux-bois.fr\/?s={search_term_string}\"},\"query-input\":{\"@type\":\"PropertyValueSpecification\",\"valueRequired\":true,\"valueName\":\"search_term_string\"}}],\"inLanguage\":\"fr-FR\"},{\"@type\":\"Organization\",\"@id\":\"https:\/\/laines-aux-bois.fr\/#organization\",\"name\":\"Mairie de Laines-aux-Bois\",\"url\":\"https:\/\/laines-aux-bois.fr\/\",\"logo\":{\"@type\":\"ImageObject\",\"inLanguage\":\"fr-FR\",\"@id\":\"https:\/\/laines-aux-bois.fr\/#\/schema\/logo\/image\/\",\"url\":\"https:\/\/laines-aux-bois.fr\/wp-content\/uploads\/2021\/03\/Logo_Laines-aux-Bois-scaled-e1619425296534.jpg\",\"contentUrl\":\"https:\/\/laines-aux-bois.fr\/wp-content\/uploads\/2021\/03\/Logo_Laines-aux-Bois-scaled-e1619425296534.jpg\",\"width\":710,\"height\":512,\"caption\":\"Mairie de Laines-aux-Bois\"},\"image\":{\"@id\":\"https:\/\/laines-aux-bois.fr\/#\/schema\/logo\/image\/\"},\"sameAs\":[\"https:\/\/www.facebook.com\/Mairie-de-Laines-aux-Bois-113150383645438\"]},{\"@type\":\"Person\",\"@id\":\"https:\/\/laines-aux-bois.fr\/#\/schema\/person\/681d28f804c157ef18f0cc71a1cbdff2\",\"name\":\"webmasterlab\",\"image\":{\"@type\":\"ImageObject\",\"inLanguage\":\"fr-FR\",\"@id\":\"https:\/\/laines-aux-bois.fr\/#\/schema\/person\/image\/\",\"url\":\"https:\/\/secure.gravatar.com\/avatar\/1387a4cce899956dcf92c17973b5c962?s=96&d=mm&r=g\",\"contentUrl\":\"https:\/\/secure.gravatar.com\/avatar\/1387a4cce899956dcf92c17973b5c962?s=96&d=mm&r=g\",\"caption\":\"webmasterlab\"},\"sameAs\":[\"http:\/\/laines-aux-bois.fr\"]}]}<\/script>\n<!-- \/ Yoast SEO plugin. -->","yoast_head_json":{"title":"Rendez vous Polar - Laines-aux-Bois","description":"Rendez vous Polar Laines-aux-Bois Actualit\u00e9s -","robots":{"index":"index","follow":"follow","max-snippet":"max-snippet:-1","max-image-preview":"max-image-preview:large","max-video-preview":"max-video-preview:-1"},"canonical":"https:\/\/laines-aux-bois.fr\/?p=1828","og_locale":"fr_FR","og_type":"article","og_title":"Rendez vous Polar - Laines-aux-Bois","og_description":"Rendez vous Polar Laines-aux-Bois Actualit\u00e9s -","og_url":"https:\/\/laines-aux-bois.fr\/?p=1828","og_site_name":"Laines-aux-Bois","article_publisher":"https:\/\/www.facebook.com\/Mairie-de-Laines-aux-Bois-113150383645438","article_published_time":"2022-03-02T17:29:02+00:00","article_modified_time":"2022-03-02T17:32:19+00:00","og_image":[{"width":453,"height":640,"url":"https:\/\/laines-aux-bois.fr\/wp-content\/uploads\/2022\/03\/0F50563B-1.png","type":"image\/png"}],"author":"webmasterlab","twitter_card":"summary_large_image","twitter_misc":{"\u00c9crit par":"webmasterlab","Dur\u00e9e de lecture estim\u00e9e":"1 minute"},"schema":{"@context":"https:\/\/schema.org","@graph":[{"@type":"Article","@id":"https:\/\/laines-aux-bois.fr\/?p=1828#article","isPartOf":{"@id":"https:\/\/laines-aux-bois.fr\/?p=1828"},"author":{"name":"webmasterlab","@id":"https:\/\/laines-aux-bois.fr\/#\/schema\/person\/681d28f804c157ef18f0cc71a1cbdff2"},"headline":"Rendez vous Polar","datePublished":"2022-03-02T17:29:02+00:00","dateModified":"2022-03-02T17:32:19+00:00","mainEntityOfPage":{"@id":"https:\/\/laines-aux-bois.fr\/?p=1828"},"wordCount":122,"publisher":{"@id":"https:\/\/laines-aux-bois.fr\/#organization"},"image":{"@id":"https:\/\/laines-aux-bois.fr\/?p=1828#primaryimage"},"thumbnailUrl":"https:\/\/laines-aux-bois.fr\/wp-content\/uploads\/2022\/03\/0F50563B-1.png","keywords":["2022","biblioth\u00e8que L\u00e9andre Nicolas","Laines aux Bois","laines-aux-bois","Mairie de Laines aux Bois"],"articleSection":["Actualit\u00e9s"],"inLanguage":"fr-FR"},{"@type":"WebPage","@id":"https:\/\/laines-aux-bois.fr\/?p=1828","url":"https:\/\/laines-aux-bois.fr\/?p=1828","name":"Rendez vous Polar - Laines-aux-Bois","isPartOf":{"@id":"https:\/\/laines-aux-bois.fr\/#website"},"primaryImageOfPage":{"@id":"https:\/\/laines-aux-bois.fr\/?p=1828#primaryimage"},"image":{"@id":"https:\/\/laines-aux-bois.fr\/?p=1828#primaryimage"},"thumbnailUrl":"https:\/\/laines-aux-bois.fr\/wp-content\/uploads\/2022\/03\/0F50563B-1.png","datePublished":"2022-03-02T17:29:02+00:00","dateModified":"2022-03-02T17:32:19+00:00","description":"Rendez vous Polar Laines-aux-Bois Actualit\u00e9s -","breadcrumb":{"@id":"https:\/\/laines-aux-bois.fr\/?p=1828#breadcrumb"},"inLanguage":"fr-FR","potentialAction":[{"@type":"ReadAction","target":["https:\/\/laines-aux-bois.fr\/?p=1828"]}]},{"@type":"ImageObject","inLanguage":"fr-FR","@id":"https:\/\/laines-aux-bois.fr\/?p=1828#primaryimage","url":"https:\/\/laines-aux-bois.fr\/wp-content\/uploads\/2022\/03\/0F50563B-1.png","contentUrl":"https:\/\/laines-aux-bois.fr\/wp-content\/uploads\/2022\/03\/0F50563B-1.png","width":453,"height":640},{"@type":"BreadcrumbList","@id":"https:\/\/laines-aux-bois.fr\/?p=1828#breadcrumb","itemListElement":[{"@type":"ListItem","position":1,"name":"Accueil","item":"https:\/\/laines-aux-bois.fr\/"},{"@type":"ListItem","position":2,"name":"Rendez vous Polar"}]},{"@type":"WebSite","@id":"https:\/\/laines-aux-bois.fr\/#website","url":"https:\/\/laines-aux-bois.fr\/","name":"Laines-aux-Bois","description":"Site officiel de la commune","publisher":{"@id":"https:\/\/laines-aux-bois.fr\/#organization"},"potentialAction":[{"@type":"SearchAction","target":{"@type":"EntryPoint","urlTemplate":"https:\/\/laines-aux-bois.fr\/?s={search_term_string}"},"query-input":{"@type":"PropertyValueSpecification","valueRequired":true,"valueName":"search_term_string"}}],"inLanguage":"fr-FR"},{"@type":"Organization","@id":"https:\/\/laines-aux-bois.fr\/#organization","name":"Mairie de Laines-aux-Bois","url":"https:\/\/laines-aux-bois.fr\/","logo":{"@type":"ImageObject","inLanguage":"fr-FR","@id":"https:\/\/laines-aux-bois.fr\/#\/schema\/logo\/image\/","url":"https:\/\/laines-aux-bois.fr\/wp-content\/uploads\/2021\/03\/Logo_Laines-aux-Bois-scaled-e1619425296534.jpg","contentUrl":"https:\/\/laines-aux-bois.fr\/wp-content\/uploads\/2021\/03\/Logo_Laines-aux-Bois-scaled-e1619425296534.jpg","width":710,"height":512,"caption":"Mairie de Laines-aux-Bois"},"image":{"@id":"https:\/\/laines-aux-bois.fr\/#\/schema\/logo\/image\/"},"sameAs":["https:\/\/www.facebook.com\/Mairie-de-Laines-aux-Bois-113150383645438"]},{"@type":"Person","@id":"https:\/\/laines-aux-bois.fr\/#\/schema\/person\/681d28f804c157ef18f0cc71a1cbdff2","name":"webmasterlab","image":{"@type":"ImageObject","inLanguage":"fr-FR","@id":"https:\/\/laines-aux-bois.fr\/#\/schema\/person\/image\/","url":"https:\/\/secure.gravatar.com\/avatar\/1387a4cce899956dcf92c17973b5c962?s=96&d=mm&r=g","contentUrl":"https:\/\/secure.gravatar.com\/avatar\/1387a4cce899956dcf92c17973b5c962?s=96&d=mm&r=g","caption":"webmasterlab"},"sameAs":["http:\/\/laines-aux-bois.fr"]}]}},"jetpack_featured_media_url":"https:\/\/laines-aux-bois.fr\/wp-content\/uploads\/2022\/03\/0F50563B-1.png","_links":{"self":[{"href":"https:\/\/laines-aux-bois.fr\/index.php?rest_route=\/wp\/v2\/posts\/1828"}],"collection":[{"href":"https:\/\/laines-aux-bois.fr\/index.php?rest_route=\/wp\/v2\/posts"}],"about":[{"href":"https:\/\/laines-aux-bois.fr\/index.php?rest_route=\/wp\/v2\/types\/post"}],"author":[{"embeddable":true,"href":"https:\/\/laines-aux-bois.fr\/index.php?rest_route=\/wp\/v2\/users\/1"}],"replies":[{"embeddable":true,"href":"https:\/\/laines-aux-bois.fr\/index.php?rest_route=%2Fwp%2Fv2%2Fcomments&post=1828"}],"version-history":[{"count":4,"href":"https:\/\/laines-aux-bois.fr\/index.php?rest_route=\/wp\/v2\/posts\/1828\/revisions"}],"predecessor-version":[{"id":1833,"href":"https:\/\/laines-aux-bois.fr\/index.php?rest_route=\/wp\/v2\/posts\/1828\/revisions\/1833"}],"wp:featuredmedia":[{"embeddable":true,"href":"https:\/\/laines-aux-bois.fr\/index.php?rest_route=\/wp\/v2\/media\/1830"}],"wp:attachment":[{"href":"https:\/\/laines-aux-bois.fr\/index.php?rest_route=%2Fwp%2Fv2%2Fmedia&parent=1828"}],"wp:term":[{"taxonomy":"category","embeddable":true,"href":"https:\/\/laines-aux-bois.fr\/index.php?rest_route=%2Fwp%2Fv2%2Fcategories&post=1828"},{"taxonomy":"post_tag","embeddable":true,"href":"https:\/\/laines-aux-bois.fr\/index.php?rest_route=%2Fwp%2Fv2%2Ftags&post=1828"}],"curies":[{"name":"wp","href":"https:\/\/api.w.org\/{rel}","templated":true}]}}