{"id":1883,"date":"2022-03-23T08:19:50","date_gmt":"2022-03-23T08:19:50","guid":{"rendered":"https:\/\/laines-aux-bois.fr\/?p=1883"},"modified":"2022-03-23T08:21:09","modified_gmt":"2022-03-23T08:21:09","slug":"les-rendez-vous-renovenergetique","status":"publish","type":"post","link":"https:\/\/laines-aux-bois.fr\/?p=1883","title":{"rendered":"Les rendez-vous R\u00e9nov&rsquo;\u00e9nerg\u00e9tique"},"content":{"rendered":"\n[et_pb_section fb_built=\u00a0\u00bb1&Prime; _builder_version=\u00a0\u00bb4.9.4&Prime; _module_preset=\u00a0\u00bbdefault\u00a0\u00bb custom_padding=\u00a0\u00bb0px||3px|||\u00a0\u00bb global_colors_info=\u00a0\u00bb{}\u00a0\u00bb theme_builder_area=\u00a0\u00bbpost_content\u00a0\u00bb][et_pb_row _builder_version=\u00a0\u00bb4.9.4&Prime; _module_preset=\u00a0\u00bbdefault\u00a0\u00bb min_height=\u00a0\u00bb79.2px\u00a0\u00bb custom_padding=\u00a0\u00bb4px||6px|||\u00a0\u00bb global_colors_info=\u00a0\u00bb{}\u00a0\u00bb theme_builder_area=\u00a0\u00bbpost_content\u00a0\u00bb][et_pb_column type=\u00a0\u00bb4_4&Prime; _builder_version=\u00a0\u00bb4.9.4&Prime; _module_preset=\u00a0\u00bbdefault\u00a0\u00bb global_colors_info=\u00a0\u00bb{}\u00a0\u00bb theme_builder_area=\u00a0\u00bbpost_content\u00a0\u00bb][et_pb_text _builder_version=\u00a0\u00bb4.14.8&Prime; _module_preset=\u00a0\u00bbdefault\u00a0\u00bb hover_enabled=\u00a0\u00bb0&Prime; global_colors_info=\u00a0\u00bb{}\u00a0\u00bb theme_builder_area=\u00a0\u00bbpost_content\u00a0\u00bb sticky_enabled=\u00a0\u00bb0&Prime;]<p><strong>\u00c0 partir du mois d\u2019avril<\/strong>, EcoToit la plateforme de r\u00e9novation \u00e9nerg\u00e9tique de l\u2019habitat de TCM et l\u2019Agence D\u00e9partementale d&rsquo;Information sur le Logement\u00a0(ADIL) proposeront des ateliers d\u2019informations et d\u2019\u00e9changes sur toutes questions li\u00e9es \u00e0 un projet de r\u00e9novation \u00e9nerg\u00e9tique.\u00a0<\/p>\n<p>Ce sont<span>\u00a0<\/span><strong>\u00ab\u00a0Les rendez-vous de la r\u00e9nov\u2019\u00e9nerg\u00e9tique\u00a0\u00bb<\/strong>, ouverts \u00e0 tous et gratuits sur inscription.<\/p>\n<p>Pour bien cerner et \u00ab\u00a0faire le tour\u00a0\u00bb du sujet, ces ateliers auront lieu<strong><span>\u00a0<\/span>en deux temps, deux fois par mois, dans chaque commune de l\u2019agglom\u00e9ration o\u00f9 ils se tiendront.\u00a0<\/strong><\/p>\n<p><strong><\/strong><\/p>\n<p><strong>Atelier A : Comment bien construire techniquement son projet de r\u00e9novation \u00e9nerg\u00e9tique ?\u00a0<\/strong><strong><\/strong><em>Quels travaux men\u00e9s, r\u00e9novation globale ou par \u00e9tape, choisir des professionnels certifi\u00e9s\u2026<\/em><\/p>\n<p><em><\/em><\/p>\n<p><strong>Atelier B : Comment financer son projet de r\u00e9novation \u00e9nerg\u00e9tique ? <\/strong><em><\/em><strong><\/strong><em>Quelles sont les aides, quels organismes solliciter\u2026\u00a0\u00a0<\/em><\/p>\n<p><em><\/em><\/p>\n<p>N&rsquo;h\u00e9sitez pas \u00e0 vous inscrire<\/p>[\/et_pb_text][\/et_pb_column][\/et_pb_row][\/et_pb_section]\n","protected":false},"excerpt":{"rendered":"<p>\u00c0 partir du mois d\u2019avril, EcoToit la plateforme de r\u00e9novation \u00e9nerg\u00e9tique de l\u2019habitat de TCM et l\u2019Agence D\u00e9partementale d&rsquo;Information sur le Logement\u00a0(ADIL) proposeront des ateliers d\u2019informations et d\u2019\u00e9changes sur toutes questions li\u00e9es \u00e0 un projet de r\u00e9novation \u00e9nerg\u00e9tique.\u00a0 Ce sont\u00a0\u00ab\u00a0Les rendez-vous de la r\u00e9nov\u2019\u00e9nerg\u00e9tique\u00a0\u00bb, ouverts \u00e0 tous et gratuits sur inscription. Pour bien cerner et [&hellip;]<\/p>\n","protected":false},"author":1,"featured_media":1886,"comment_status":"closed","ping_status":"closed","sticky":false,"template":"","format":"standard","meta":{"_et_pb_use_builder":"on","_et_pb_old_content":"","_et_gb_content_width":"1080","cybocfi_hide_featured_image":"","spay_email":"","footnotes":""},"categories":[1],"tags":[38,47,5,8,6,46],"class_list":["post-1883","post","type-post","status-publish","format-standard","has-post-thumbnail","hentry","category-actualites","tag-38","tag-energie","tag-laines-aux-bois","tag-laines-aux-bois-2","tag-mairie-de-laines-aux-bois","tag-renovation"],"yoast_head":"<!-- This site is optimized with the Yoast SEO plugin v23.4 - https:\/\/yoast.com\/wordpress\/plugins\/seo\/ -->\n<title>Les rendez-vous R\u00e9nov&#039;\u00e9nerg\u00e9tique - Laines-aux-Bois<\/title>\n<meta name=\"description\" content=\"Les rendez-vous R\u00e9nov&#039;\u00e9nerg\u00e9tique Laines-aux-Bois -\" \/>\n<meta name=\"robots\" content=\"index, follow, max-snippet:-1, max-image-preview:large, max-video-preview:-1\" \/>\n<link rel=\"canonical\" href=\"https:\/\/laines-aux-bois.fr\/?p=1883\" \/>\n<meta property=\"og:locale\" content=\"fr_FR\" \/>\n<meta property=\"og:type\" content=\"article\" \/>\n<meta property=\"og:title\" content=\"Les rendez-vous R\u00e9nov&#039;\u00e9nerg\u00e9tique - Laines-aux-Bois\" \/>\n<meta property=\"og:description\" content=\"Les rendez-vous R\u00e9nov&#039;\u00e9nerg\u00e9tique Laines-aux-Bois -\" \/>\n<meta property=\"og:url\" content=\"https:\/\/laines-aux-bois.fr\/?p=1883\" \/>\n<meta property=\"og:site_name\" content=\"Laines-aux-Bois\" \/>\n<meta property=\"article:publisher\" content=\"https:\/\/www.facebook.com\/Mairie-de-Laines-aux-Bois-113150383645438\" \/>\n<meta property=\"article:published_time\" content=\"2022-03-23T08:19:50+00:00\" \/>\n<meta property=\"article:modified_time\" content=\"2022-03-23T08:21:09+00:00\" \/>\n<meta property=\"og:image\" content=\"https:\/\/laines-aux-bois.fr\/wp-content\/uploads\/2022\/03\/RDV-ENERGIE.jpg\" \/>\n\t<meta property=\"og:image:width\" content=\"614\" \/>\n\t<meta property=\"og:image:height\" content=\"870\" \/>\n\t<meta property=\"og:image:type\" content=\"image\/jpeg\" \/>\n<meta name=\"author\" content=\"webmasterlab\" \/>\n<meta name=\"twitter:card\" content=\"summary_large_image\" \/>\n<meta name=\"twitter:label1\" content=\"\u00c9crit par\" \/>\n\t<meta name=\"twitter:data1\" content=\"webmasterlab\" \/>\n\t<meta name=\"twitter:label2\" content=\"Dur\u00e9e de lecture estim\u00e9e\" \/>\n\t<meta name=\"twitter:data2\" content=\"1 minute\" \/>\n<script type=\"application\/ld+json\" class=\"yoast-schema-graph\">{\"@context\":\"https:\/\/schema.org\",\"@graph\":[{\"@type\":\"Article\",\"@id\":\"https:\/\/laines-aux-bois.fr\/?p=1883#article\",\"isPartOf\":{\"@id\":\"https:\/\/laines-aux-bois.fr\/?p=1883\"},\"author\":{\"name\":\"webmasterlab\",\"@id\":\"https:\/\/laines-aux-bois.fr\/#\/schema\/person\/681d28f804c157ef18f0cc71a1cbdff2\"},\"headline\":\"Les rendez-vous R\u00e9nov&rsquo;\u00e9nerg\u00e9tique\",\"datePublished\":\"2022-03-23T08:19:50+00:00\",\"dateModified\":\"2022-03-23T08:21:09+00:00\",\"mainEntityOfPage\":{\"@id\":\"https:\/\/laines-aux-bois.fr\/?p=1883\"},\"wordCount\":248,\"publisher\":{\"@id\":\"https:\/\/laines-aux-bois.fr\/#organization\"},\"image\":{\"@id\":\"https:\/\/laines-aux-bois.fr\/?p=1883#primaryimage\"},\"thumbnailUrl\":\"https:\/\/laines-aux-bois.fr\/wp-content\/uploads\/2022\/03\/RDV-ENERGIE.jpg\",\"keywords\":[\"2022\",\"energie\",\"Laines aux Bois\",\"laines-aux-bois\",\"Mairie de Laines aux Bois\",\"r\u00e9novation\"],\"articleSection\":[\"Actualit\u00e9s\"],\"inLanguage\":\"fr-FR\"},{\"@type\":\"WebPage\",\"@id\":\"https:\/\/laines-aux-bois.fr\/?p=1883\",\"url\":\"https:\/\/laines-aux-bois.fr\/?p=1883\",\"name\":\"Les rendez-vous R\u00e9nov'\u00e9nerg\u00e9tique - Laines-aux-Bois\",\"isPartOf\":{\"@id\":\"https:\/\/laines-aux-bois.fr\/#website\"},\"primaryImageOfPage\":{\"@id\":\"https:\/\/laines-aux-bois.fr\/?p=1883#primaryimage\"},\"image\":{\"@id\":\"https:\/\/laines-aux-bois.fr\/?p=1883#primaryimage\"},\"thumbnailUrl\":\"https:\/\/laines-aux-bois.fr\/wp-content\/uploads\/2022\/03\/RDV-ENERGIE.jpg\",\"datePublished\":\"2022-03-23T08:19:50+00:00\",\"dateModified\":\"2022-03-23T08:21:09+00:00\",\"description\":\"Les rendez-vous R\u00e9nov'\u00e9nerg\u00e9tique Laines-aux-Bois -\",\"breadcrumb\":{\"@id\":\"https:\/\/laines-aux-bois.fr\/?p=1883#breadcrumb\"},\"inLanguage\":\"fr-FR\",\"potentialAction\":[{\"@type\":\"ReadAction\",\"target\":[\"https:\/\/laines-aux-bois.fr\/?p=1883\"]}]},{\"@type\":\"ImageObject\",\"inLanguage\":\"fr-FR\",\"@id\":\"https:\/\/laines-aux-bois.fr\/?p=1883#primaryimage\",\"url\":\"https:\/\/laines-aux-bois.fr\/wp-content\/uploads\/2022\/03\/RDV-ENERGIE.jpg\",\"contentUrl\":\"https:\/\/laines-aux-bois.fr\/wp-content\/uploads\/2022\/03\/RDV-ENERGIE.jpg\",\"width\":614,\"height\":870},{\"@type\":\"BreadcrumbList\",\"@id\":\"https:\/\/laines-aux-bois.fr\/?p=1883#breadcrumb\",\"itemListElement\":[{\"@type\":\"ListItem\",\"position\":1,\"name\":\"Accueil\",\"item\":\"https:\/\/laines-aux-bois.fr\/\"},{\"@type\":\"ListItem\",\"position\":2,\"name\":\"Les rendez-vous R\u00e9nov&rsquo;\u00e9nerg\u00e9tique\"}]},{\"@type\":\"WebSite\",\"@id\":\"https:\/\/laines-aux-bois.fr\/#website\",\"url\":\"https:\/\/laines-aux-bois.fr\/\",\"name\":\"Laines-aux-Bois\",\"description\":\"Site officiel de la commune\",\"publisher\":{\"@id\":\"https:\/\/laines-aux-bois.fr\/#organization\"},\"potentialAction\":[{\"@type\":\"SearchAction\",\"target\":{\"@type\":\"EntryPoint\",\"urlTemplate\":\"https:\/\/laines-aux-bois.fr\/?s={search_term_string}\"},\"query-input\":{\"@type\":\"PropertyValueSpecification\",\"valueRequired\":true,\"valueName\":\"search_term_string\"}}],\"inLanguage\":\"fr-FR\"},{\"@type\":\"Organization\",\"@id\":\"https:\/\/laines-aux-bois.fr\/#organization\",\"name\":\"Mairie de Laines-aux-Bois\",\"url\":\"https:\/\/laines-aux-bois.fr\/\",\"logo\":{\"@type\":\"ImageObject\",\"inLanguage\":\"fr-FR\",\"@id\":\"https:\/\/laines-aux-bois.fr\/#\/schema\/logo\/image\/\",\"url\":\"https:\/\/laines-aux-bois.fr\/wp-content\/uploads\/2021\/03\/Logo_Laines-aux-Bois-scaled-e1619425296534.jpg\",\"contentUrl\":\"https:\/\/laines-aux-bois.fr\/wp-content\/uploads\/2021\/03\/Logo_Laines-aux-Bois-scaled-e1619425296534.jpg\",\"width\":710,\"height\":512,\"caption\":\"Mairie de Laines-aux-Bois\"},\"image\":{\"@id\":\"https:\/\/laines-aux-bois.fr\/#\/schema\/logo\/image\/\"},\"sameAs\":[\"https:\/\/www.facebook.com\/Mairie-de-Laines-aux-Bois-113150383645438\"]},{\"@type\":\"Person\",\"@id\":\"https:\/\/laines-aux-bois.fr\/#\/schema\/person\/681d28f804c157ef18f0cc71a1cbdff2\",\"name\":\"webmasterlab\",\"image\":{\"@type\":\"ImageObject\",\"inLanguage\":\"fr-FR\",\"@id\":\"https:\/\/laines-aux-bois.fr\/#\/schema\/person\/image\/\",\"url\":\"https:\/\/secure.gravatar.com\/avatar\/1387a4cce899956dcf92c17973b5c962?s=96&d=mm&r=g\",\"contentUrl\":\"https:\/\/secure.gravatar.com\/avatar\/1387a4cce899956dcf92c17973b5c962?s=96&d=mm&r=g\",\"caption\":\"webmasterlab\"},\"sameAs\":[\"http:\/\/laines-aux-bois.fr\"]}]}<\/script>\n<!-- \/ Yoast SEO plugin. -->","yoast_head_json":{"title":"Les rendez-vous R\u00e9nov'\u00e9nerg\u00e9tique - Laines-aux-Bois","description":"Les rendez-vous R\u00e9nov'\u00e9nerg\u00e9tique Laines-aux-Bois -","robots":{"index":"index","follow":"follow","max-snippet":"max-snippet:-1","max-image-preview":"max-image-preview:large","max-video-preview":"max-video-preview:-1"},"canonical":"https:\/\/laines-aux-bois.fr\/?p=1883","og_locale":"fr_FR","og_type":"article","og_title":"Les rendez-vous R\u00e9nov'\u00e9nerg\u00e9tique - Laines-aux-Bois","og_description":"Les rendez-vous R\u00e9nov'\u00e9nerg\u00e9tique Laines-aux-Bois -","og_url":"https:\/\/laines-aux-bois.fr\/?p=1883","og_site_name":"Laines-aux-Bois","article_publisher":"https:\/\/www.facebook.com\/Mairie-de-Laines-aux-Bois-113150383645438","article_published_time":"2022-03-23T08:19:50+00:00","article_modified_time":"2022-03-23T08:21:09+00:00","og_image":[{"width":614,"height":870,"url":"https:\/\/laines-aux-bois.fr\/wp-content\/uploads\/2022\/03\/RDV-ENERGIE.jpg","type":"image\/jpeg"}],"author":"webmasterlab","twitter_card":"summary_large_image","twitter_misc":{"\u00c9crit par":"webmasterlab","Dur\u00e9e de lecture estim\u00e9e":"1 minute"},"schema":{"@context":"https:\/\/schema.org","@graph":[{"@type":"Article","@id":"https:\/\/laines-aux-bois.fr\/?p=1883#article","isPartOf":{"@id":"https:\/\/laines-aux-bois.fr\/?p=1883"},"author":{"name":"webmasterlab","@id":"https:\/\/laines-aux-bois.fr\/#\/schema\/person\/681d28f804c157ef18f0cc71a1cbdff2"},"headline":"Les rendez-vous R\u00e9nov&rsquo;\u00e9nerg\u00e9tique","datePublished":"2022-03-23T08:19:50+00:00","dateModified":"2022-03-23T08:21:09+00:00","mainEntityOfPage":{"@id":"https:\/\/laines-aux-bois.fr\/?p=1883"},"wordCount":248,"publisher":{"@id":"https:\/\/laines-aux-bois.fr\/#organization"},"image":{"@id":"https:\/\/laines-aux-bois.fr\/?p=1883#primaryimage"},"thumbnailUrl":"https:\/\/laines-aux-bois.fr\/wp-content\/uploads\/2022\/03\/RDV-ENERGIE.jpg","keywords":["2022","energie","Laines aux Bois","laines-aux-bois","Mairie de Laines aux Bois","r\u00e9novation"],"articleSection":["Actualit\u00e9s"],"inLanguage":"fr-FR"},{"@type":"WebPage","@id":"https:\/\/laines-aux-bois.fr\/?p=1883","url":"https:\/\/laines-aux-bois.fr\/?p=1883","name":"Les rendez-vous R\u00e9nov'\u00e9nerg\u00e9tique - Laines-aux-Bois","isPartOf":{"@id":"https:\/\/laines-aux-bois.fr\/#website"},"primaryImageOfPage":{"@id":"https:\/\/laines-aux-bois.fr\/?p=1883#primaryimage"},"image":{"@id":"https:\/\/laines-aux-bois.fr\/?p=1883#primaryimage"},"thumbnailUrl":"https:\/\/laines-aux-bois.fr\/wp-content\/uploads\/2022\/03\/RDV-ENERGIE.jpg","datePublished":"2022-03-23T08:19:50+00:00","dateModified":"2022-03-23T08:21:09+00:00","description":"Les rendez-vous R\u00e9nov'\u00e9nerg\u00e9tique Laines-aux-Bois -","breadcrumb":{"@id":"https:\/\/laines-aux-bois.fr\/?p=1883#breadcrumb"},"inLanguage":"fr-FR","potentialAction":[{"@type":"ReadAction","target":["https:\/\/laines-aux-bois.fr\/?p=1883"]}]},{"@type":"ImageObject","inLanguage":"fr-FR","@id":"https:\/\/laines-aux-bois.fr\/?p=1883#primaryimage","url":"https:\/\/laines-aux-bois.fr\/wp-content\/uploads\/2022\/03\/RDV-ENERGIE.jpg","contentUrl":"https:\/\/laines-aux-bois.fr\/wp-content\/uploads\/2022\/03\/RDV-ENERGIE.jpg","width":614,"height":870},{"@type":"BreadcrumbList","@id":"https:\/\/laines-aux-bois.fr\/?p=1883#breadcrumb","itemListElement":[{"@type":"ListItem","position":1,"name":"Accueil","item":"https:\/\/laines-aux-bois.fr\/"},{"@type":"ListItem","position":2,"name":"Les rendez-vous R\u00e9nov&rsquo;\u00e9nerg\u00e9tique"}]},{"@type":"WebSite","@id":"https:\/\/laines-aux-bois.fr\/#website","url":"https:\/\/laines-aux-bois.fr\/","name":"Laines-aux-Bois","description":"Site officiel de la commune","publisher":{"@id":"https:\/\/laines-aux-bois.fr\/#organization"},"potentialAction":[{"@type":"SearchAction","target":{"@type":"EntryPoint","urlTemplate":"https:\/\/laines-aux-bois.fr\/?s={search_term_string}"},"query-input":{"@type":"PropertyValueSpecification","valueRequired":true,"valueName":"search_term_string"}}],"inLanguage":"fr-FR"},{"@type":"Organization","@id":"https:\/\/laines-aux-bois.fr\/#organization","name":"Mairie de Laines-aux-Bois","url":"https:\/\/laines-aux-bois.fr\/","logo":{"@type":"ImageObject","inLanguage":"fr-FR","@id":"https:\/\/laines-aux-bois.fr\/#\/schema\/logo\/image\/","url":"https:\/\/laines-aux-bois.fr\/wp-content\/uploads\/2021\/03\/Logo_Laines-aux-Bois-scaled-e1619425296534.jpg","contentUrl":"https:\/\/laines-aux-bois.fr\/wp-content\/uploads\/2021\/03\/Logo_Laines-aux-Bois-scaled-e1619425296534.jpg","width":710,"height":512,"caption":"Mairie de Laines-aux-Bois"},"image":{"@id":"https:\/\/laines-aux-bois.fr\/#\/schema\/logo\/image\/"},"sameAs":["https:\/\/www.facebook.com\/Mairie-de-Laines-aux-Bois-113150383645438"]},{"@type":"Person","@id":"https:\/\/laines-aux-bois.fr\/#\/schema\/person\/681d28f804c157ef18f0cc71a1cbdff2","name":"webmasterlab","image":{"@type":"ImageObject","inLanguage":"fr-FR","@id":"https:\/\/laines-aux-bois.fr\/#\/schema\/person\/image\/","url":"https:\/\/secure.gravatar.com\/avatar\/1387a4cce899956dcf92c17973b5c962?s=96&d=mm&r=g","contentUrl":"https:\/\/secure.gravatar.com\/avatar\/1387a4cce899956dcf92c17973b5c962?s=96&d=mm&r=g","caption":"webmasterlab"},"sameAs":["http:\/\/laines-aux-bois.fr"]}]}},"jetpack_featured_media_url":"https:\/\/laines-aux-bois.fr\/wp-content\/uploads\/2022\/03\/RDV-ENERGIE.jpg","_links":{"self":[{"href":"https:\/\/laines-aux-bois.fr\/index.php?rest_route=\/wp\/v2\/posts\/1883"}],"collection":[{"href":"https:\/\/laines-aux-bois.fr\/index.php?rest_route=\/wp\/v2\/posts"}],"about":[{"href":"https:\/\/laines-aux-bois.fr\/index.php?rest_route=\/wp\/v2\/types\/post"}],"author":[{"embeddable":true,"href":"https:\/\/laines-aux-bois.fr\/index.php?rest_route=\/wp\/v2\/users\/1"}],"replies":[{"embeddable":true,"href":"https:\/\/laines-aux-bois.fr\/index.php?rest_route=%2Fwp%2Fv2%2Fcomments&post=1883"}],"version-history":[{"count":3,"href":"https:\/\/laines-aux-bois.fr\/index.php?rest_route=\/wp\/v2\/posts\/1883\/revisions"}],"predecessor-version":[{"id":1887,"href":"https:\/\/laines-aux-bois.fr\/index.php?rest_route=\/wp\/v2\/posts\/1883\/revisions\/1887"}],"wp:featuredmedia":[{"embeddable":true,"href":"https:\/\/laines-aux-bois.fr\/index.php?rest_route=\/wp\/v2\/media\/1886"}],"wp:attachment":[{"href":"https:\/\/laines-aux-bois.fr\/index.php?rest_route=%2Fwp%2Fv2%2Fmedia&parent=1883"}],"wp:term":[{"taxonomy":"category","embeddable":true,"href":"https:\/\/laines-aux-bois.fr\/index.php?rest_route=%2Fwp%2Fv2%2Fcategories&post=1883"},{"taxonomy":"post_tag","embeddable":true,"href":"https:\/\/laines-aux-bois.fr\/index.php?rest_route=%2Fwp%2Fv2%2Ftags&post=1883"}],"curies":[{"name":"wp","href":"https:\/\/api.w.org\/{rel}","templated":true}]}}